{"id":1562,"date":"2019-10-16T17:42:27","date_gmt":"2019-10-16T15:42:27","guid":{"rendered":"https:\/\/saint-nazaire-sainte-marie-immaculee.fr\/?p=1562"},"modified":"2019-10-16T17:42:27","modified_gmt":"2019-10-16T15:42:27","slug":"les-contes-traditionnels","status":"publish","type":"post","link":"https:\/\/saint-nazaire-sainte-marie-immaculee.fr\/index.php\/2019\/10\/16\/les-contes-traditionnels\/","title":{"rendered":"Les contes traditionnels"},"content":{"rendered":"<p><span style=\"color: #003366; font-family: verdana, geneva, sans-serif;\">En litt\u00e9rature, les CE2 ont travaill\u00e9 sur les contes traditionnels.<\/span><\/p>\n<p><span style=\"font-family: verdana, geneva, sans-serif; color: #003366;\">Nous avons \u00e9tudi\u00e9 \u00ab\u00a0Les f\u00e9es\u00a0\u00bb de Charles Perrault, \u00ab\u00a0La reine des abeilles\u00a0\u00bb des Fr\u00e8res Grimm ainsi que \u00ab\u00a0Le petit soldat de plomb\u00a0\u00bb de Hans Christian Andersen.<\/span><\/p>\n<p>&nbsp;<\/p>\n<p><span style=\"font-family: verdana, geneva, sans-serif; color: #3366ff;\">Les f\u00e9es<\/span><\/p>\n<p><span style=\"font-family: verdana, geneva, sans-serif; color: #3366ff;\"><em>\u00ab\u00a0Il est tr\u00e8s bien mais un peu triste pour Fanchon et la cadette.\u00a0\u00bb<\/em> Lilou<\/span><\/p>\n<p><span style=\"font-family: verdana, geneva, sans-serif; color: #3366ff;\"><em>\u00ab\u00a0J&rsquo;ai beaucoup aim\u00e9 le moment ou la cadette a le don.\u00a0\u00bb<\/em> Lara<\/span><\/p>\n<p>&nbsp;<\/p>\n<p><span style=\"font-family: verdana, geneva, sans-serif; color: #3366ff;\">La reine des abeilles<\/span><\/p>\n<p><span style=\"font-family: verdana, geneva, sans-serif; color: #3366ff;\"><em>\u00ab\u00a0Il \u00e9tait bien.\u00a0\u00bb<\/em> Wellan<\/span><\/p>\n<p><span style=\"font-family: verdana, geneva, sans-serif; color: #3366ff;\"><em>\u00ab\u00a0Trop bien\u00a0\u00bb<\/em> L\u00e9\u00efa<\/span><\/p>\n<p>&nbsp;<\/p>\n<p><span style=\"font-family: verdana, geneva, sans-serif; color: #3366ff;\">Le petit soldat de plomb<\/span><\/p>\n<p><span style=\"font-family: verdana, geneva, sans-serif; color: #3366ff;\"><em>\u00ab\u00a0J&rsquo;aime bien les contes tristes. J&rsquo;ai bien aim\u00e9!\u00a0\u00bb<\/em> Arthur<\/span><\/p>\n<p><span style=\"font-family: verdana, geneva, sans-serif; color: #3366ff;\"><em>J&rsquo;ai pens\u00e9 que c&rsquo;\u00e9tait triste et joyeux \u00e0 la fois.\u00a0\u00bb<\/em> In\u00e8s<\/span><\/p>\n<p>&nbsp;<\/p>\n<p><span style=\"font-family: verdana, geneva, sans-serif; color: #003366;\">En classe, les \u00e9l\u00e8ves ont d\u00e9couvert ou red\u00e9couvert d&rsquo;autres contes de ces m\u00eames auteurs : le Petit Poucet, Riquet \u00e0 la Houppe, Les souhaits ridicules&#8230;<\/span><\/p>\n","protected":false},"excerpt":{"rendered":"<p>En litt\u00e9rature, les CE2 ont travaill\u00e9 sur les contes traditionnels. Nous avons \u00e9tudi\u00e9 \u00ab\u00a0Les f\u00e9es\u00a0\u00bb de Charles Perrault, \u00ab\u00a0La reine des abeilles\u00a0\u00bb des Fr\u00e8res Grimm ainsi que \u00ab\u00a0Le petit soldat de plomb\u00a0\u00bb de Hans Christian Andersen. &nbsp; Les f\u00e9es \u00ab\u00a0Il est tr\u00e8s bien mais un peu triste pour Fanchon et la cadette.\u00a0\u00bb Lilou \u00ab\u00a0J&rsquo;ai beaucoup<\/p>\n<p><a href=\"https:\/\/saint-nazaire-sainte-marie-immaculee.fr\/index.php\/2019\/10\/16\/les-contes-traditionnels\/\" class=\"more-link themebutton\">Lire la suite<\/a><\/p>\n","protected":false},"author":4,"featured_media":0,"comment_status":"closed","ping_status":"closed","sticky":false,"template":"","format":"standard","meta":{"ngg_post_thumbnail":0,"footnotes":""},"categories":[12,9],"tags":[],"yoast_head":"<!-- This site is optimized with the Yoast SEO plugin v23.5 - https:\/\/yoast.com\/wordpress\/plugins\/seo\/ -->\n<title>Les contes traditionnels - Ecole Sainte Marie de l&#039;Immacul\u00e9e Saint Nazaire<\/title>\n<meta name=\"robots\" content=\"index, follow, max-snippet:-1, max-image-preview:large, max-video-preview:-1\" \/>\n<link rel=\"canonical\" href=\"https:\/\/saint-nazaire-sainte-marie-immaculee.fr\/index.php\/2019\/10\/16\/les-contes-traditionnels\/\" \/>\n<meta property=\"og:locale\" content=\"fr_FR\" \/>\n<meta property=\"og:type\" content=\"article\" \/>\n<meta property=\"og:title\" content=\"Les contes traditionnels - Ecole Sainte Marie de l&#039;Immacul\u00e9e Saint Nazaire\" \/>\n<meta property=\"og:description\" content=\"En litt\u00e9rature, les CE2 ont travaill\u00e9 sur les contes traditionnels. Nous avons \u00e9tudi\u00e9 \u00ab\u00a0Les f\u00e9es\u00a0\u00bb de Charles Perrault, \u00ab\u00a0La reine des abeilles\u00a0\u00bb des Fr\u00e8res Grimm ainsi que \u00ab\u00a0Le petit soldat de plomb\u00a0\u00bb de Hans Christian Andersen. &nbsp; Les f\u00e9es \u00ab\u00a0Il est tr\u00e8s bien mais un peu triste pour Fanchon et la cadette.\u00a0\u00bb Lilou \u00ab\u00a0J&rsquo;ai beaucoupLire la suite\" \/>\n<meta property=\"og:url\" content=\"https:\/\/saint-nazaire-sainte-marie-immaculee.fr\/index.php\/2019\/10\/16\/les-contes-traditionnels\/\" \/>\n<meta property=\"og:site_name\" content=\"Ecole Sainte Marie de l&#039;Immacul\u00e9e Saint Nazaire\" \/>\n<meta property=\"article:publisher\" content=\"https:\/\/www.facebook.com\/ecolesaintemarieimmaculeesaintnazaire\" \/>\n<meta property=\"article:published_time\" content=\"2019-10-16T15:42:27+00:00\" \/>\n<meta name=\"author\" content=\"Classe de CE2 \/ CM1\" \/>\n<meta name=\"twitter:card\" content=\"summary_large_image\" \/>\n<meta name=\"twitter:label1\" content=\"\u00c9crit par\" \/>\n\t<meta name=\"twitter:data1\" content=\"Classe de CE2 \/ CM1\" \/>\n\t<meta name=\"twitter:label2\" content=\"Dur\u00e9e de lecture estim\u00e9e\" \/>\n\t<meta name=\"twitter:data2\" content=\"1 minute\" \/>\n<script type=\"application\/ld+json\" class=\"yoast-schema-graph\">{\"@context\":\"https:\/\/schema.org\",\"@graph\":[{\"@type\":\"WebPage\",\"@id\":\"https:\/\/saint-nazaire-sainte-marie-immaculee.fr\/index.php\/2019\/10\/16\/les-contes-traditionnels\/\",\"url\":\"https:\/\/saint-nazaire-sainte-marie-immaculee.fr\/index.php\/2019\/10\/16\/les-contes-traditionnels\/\",\"name\":\"Les contes traditionnels - Ecole Sainte Marie de l&#039;Immacul\u00e9e Saint Nazaire\",\"isPartOf\":{\"@id\":\"https:\/\/saint-nazaire-sainte-marie-immaculee.fr\/#website\"},\"datePublished\":\"2019-10-16T15:42:27+00:00\",\"dateModified\":\"2019-10-16T15:42:27+00:00\",\"author\":{\"@id\":\"https:\/\/saint-nazaire-sainte-marie-immaculee.fr\/#\/schema\/person\/9e5665db638120c5784ae4adb2023456\"},\"breadcrumb\":{\"@id\":\"https:\/\/saint-nazaire-sainte-marie-immaculee.fr\/index.php\/2019\/10\/16\/les-contes-traditionnels\/#breadcrumb\"},\"inLanguage\":\"fr-FR\",\"potentialAction\":[{\"@type\":\"ReadAction\",\"target\":[\"https:\/\/saint-nazaire-sainte-marie-immaculee.fr\/index.php\/2019\/10\/16\/les-contes-traditionnels\/\"]}]},{\"@type\":\"BreadcrumbList\",\"@id\":\"https:\/\/saint-nazaire-sainte-marie-immaculee.fr\/index.php\/2019\/10\/16\/les-contes-traditionnels\/#breadcrumb\",\"itemListElement\":[{\"@type\":\"ListItem\",\"position\":1,\"name\":\"Accueil\",\"item\":\"https:\/\/saint-nazaire-sainte-marie-immaculee.fr\/\"},{\"@type\":\"ListItem\",\"position\":2,\"name\":\"Les contes traditionnels\"}]},{\"@type\":\"WebSite\",\"@id\":\"https:\/\/saint-nazaire-sainte-marie-immaculee.fr\/#website\",\"url\":\"https:\/\/saint-nazaire-sainte-marie-immaculee.fr\/\",\"name\":\"Ecole Sainte Marie de l&#039;Immacul\u00e9e Saint Nazaire\",\"description\":\"\",\"potentialAction\":[{\"@type\":\"SearchAction\",\"target\":{\"@type\":\"EntryPoint\",\"urlTemplate\":\"https:\/\/saint-nazaire-sainte-marie-immaculee.fr\/?s={search_term_string}\"},\"query-input\":{\"@type\":\"PropertyValueSpecification\",\"valueRequired\":true,\"valueName\":\"search_term_string\"}}],\"inLanguage\":\"fr-FR\"},{\"@type\":\"Person\",\"@id\":\"https:\/\/saint-nazaire-sainte-marie-immaculee.fr\/#\/schema\/person\/9e5665db638120c5784ae4adb2023456\",\"name\":\"Classe de CE2 \/ CM1\",\"image\":{\"@type\":\"ImageObject\",\"inLanguage\":\"fr-FR\",\"@id\":\"https:\/\/saint-nazaire-sainte-marie-immaculee.fr\/#\/schema\/person\/image\/\",\"url\":\"https:\/\/secure.gravatar.com\/avatar\/5ec38d5c60ed21032e593e51d7056b4b?s=96&d=mm&r=g\",\"contentUrl\":\"https:\/\/secure.gravatar.com\/avatar\/5ec38d5c60ed21032e593e51d7056b4b?s=96&d=mm&r=g\",\"caption\":\"Classe de CE2 \/ CM1\"},\"url\":\"https:\/\/saint-nazaire-sainte-marie-immaculee.fr\/index.php\/author\/ccourdier\/\"}]}<\/script>\n<!-- \/ Yoast SEO plugin. -->","yoast_head_json":{"title":"Les contes traditionnels - Ecole Sainte Marie de l&#039;Immacul\u00e9e Saint Nazaire","robots":{"index":"index","follow":"follow","max-snippet":"max-snippet:-1","max-image-preview":"max-image-preview:large","max-video-preview":"max-video-preview:-1"},"canonical":"https:\/\/saint-nazaire-sainte-marie-immaculee.fr\/index.php\/2019\/10\/16\/les-contes-traditionnels\/","og_locale":"fr_FR","og_type":"article","og_title":"Les contes traditionnels - Ecole Sainte Marie de l&#039;Immacul\u00e9e Saint Nazaire","og_description":"En litt\u00e9rature, les CE2 ont travaill\u00e9 sur les contes traditionnels. Nous avons \u00e9tudi\u00e9 \u00ab\u00a0Les f\u00e9es\u00a0\u00bb de Charles Perrault, \u00ab\u00a0La reine des abeilles\u00a0\u00bb des Fr\u00e8res Grimm ainsi que \u00ab\u00a0Le petit soldat de plomb\u00a0\u00bb de Hans Christian Andersen. &nbsp; Les f\u00e9es \u00ab\u00a0Il est tr\u00e8s bien mais un peu triste pour Fanchon et la cadette.\u00a0\u00bb Lilou \u00ab\u00a0J&rsquo;ai beaucoupLire la suite","og_url":"https:\/\/saint-nazaire-sainte-marie-immaculee.fr\/index.php\/2019\/10\/16\/les-contes-traditionnels\/","og_site_name":"Ecole Sainte Marie de l&#039;Immacul\u00e9e Saint Nazaire","article_publisher":"https:\/\/www.facebook.com\/ecolesaintemarieimmaculeesaintnazaire","article_published_time":"2019-10-16T15:42:27+00:00","author":"Classe de CE2 \/ CM1","twitter_card":"summary_large_image","twitter_misc":{"\u00c9crit par":"Classe de CE2 \/ CM1","Dur\u00e9e de lecture estim\u00e9e":"1 minute"},"schema":{"@context":"https:\/\/schema.org","@graph":[{"@type":"WebPage","@id":"https:\/\/saint-nazaire-sainte-marie-immaculee.fr\/index.php\/2019\/10\/16\/les-contes-traditionnels\/","url":"https:\/\/saint-nazaire-sainte-marie-immaculee.fr\/index.php\/2019\/10\/16\/les-contes-traditionnels\/","name":"Les contes traditionnels - Ecole Sainte Marie de l&#039;Immacul\u00e9e Saint Nazaire","isPartOf":{"@id":"https:\/\/saint-nazaire-sainte-marie-immaculee.fr\/#website"},"datePublished":"2019-10-16T15:42:27+00:00","dateModified":"2019-10-16T15:42:27+00:00","author":{"@id":"https:\/\/saint-nazaire-sainte-marie-immaculee.fr\/#\/schema\/person\/9e5665db638120c5784ae4adb2023456"},"breadcrumb":{"@id":"https:\/\/saint-nazaire-sainte-marie-immaculee.fr\/index.php\/2019\/10\/16\/les-contes-traditionnels\/#breadcrumb"},"inLanguage":"fr-FR","potentialAction":[{"@type":"ReadAction","target":["https:\/\/saint-nazaire-sainte-marie-immaculee.fr\/index.php\/2019\/10\/16\/les-contes-traditionnels\/"]}]},{"@type":"BreadcrumbList","@id":"https:\/\/saint-nazaire-sainte-marie-immaculee.fr\/index.php\/2019\/10\/16\/les-contes-traditionnels\/#breadcrumb","itemListElement":[{"@type":"ListItem","position":1,"name":"Accueil","item":"https:\/\/saint-nazaire-sainte-marie-immaculee.fr\/"},{"@type":"ListItem","position":2,"name":"Les contes traditionnels"}]},{"@type":"WebSite","@id":"https:\/\/saint-nazaire-sainte-marie-immaculee.fr\/#website","url":"https:\/\/saint-nazaire-sainte-marie-immaculee.fr\/","name":"Ecole Sainte Marie de l&#039;Immacul\u00e9e Saint Nazaire","description":"","potentialAction":[{"@type":"SearchAction","target":{"@type":"EntryPoint","urlTemplate":"https:\/\/saint-nazaire-sainte-marie-immaculee.fr\/?s={search_term_string}"},"query-input":{"@type":"PropertyValueSpecification","valueRequired":true,"valueName":"search_term_string"}}],"inLanguage":"fr-FR"},{"@type":"Person","@id":"https:\/\/saint-nazaire-sainte-marie-immaculee.fr\/#\/schema\/person\/9e5665db638120c5784ae4adb2023456","name":"Classe de CE2 \/ CM1","image":{"@type":"ImageObject","inLanguage":"fr-FR","@id":"https:\/\/saint-nazaire-sainte-marie-immaculee.fr\/#\/schema\/person\/image\/","url":"https:\/\/secure.gravatar.com\/avatar\/5ec38d5c60ed21032e593e51d7056b4b?s=96&d=mm&r=g","contentUrl":"https:\/\/secure.gravatar.com\/avatar\/5ec38d5c60ed21032e593e51d7056b4b?s=96&d=mm&r=g","caption":"Classe de CE2 \/ CM1"},"url":"https:\/\/saint-nazaire-sainte-marie-immaculee.fr\/index.php\/author\/ccourdier\/"}]}},"_links":{"self":[{"href":"https:\/\/saint-nazaire-sainte-marie-immaculee.fr\/index.php\/wp-json\/wp\/v2\/posts\/1562"}],"collection":[{"href":"https:\/\/saint-nazaire-sainte-marie-immaculee.fr\/index.php\/wp-json\/wp\/v2\/posts"}],"about":[{"href":"https:\/\/saint-nazaire-sainte-marie-immaculee.fr\/index.php\/wp-json\/wp\/v2\/types\/post"}],"author":[{"embeddable":true,"href":"https:\/\/saint-nazaire-sainte-marie-immaculee.fr\/index.php\/wp-json\/wp\/v2\/users\/4"}],"replies":[{"embeddable":true,"href":"https:\/\/saint-nazaire-sainte-marie-immaculee.fr\/index.php\/wp-json\/wp\/v2\/comments?post=1562"}],"version-history":[{"count":1,"href":"https:\/\/saint-nazaire-sainte-marie-immaculee.fr\/index.php\/wp-json\/wp\/v2\/posts\/1562\/revisions"}],"predecessor-version":[{"id":1563,"href":"https:\/\/saint-nazaire-sainte-marie-immaculee.fr\/index.php\/wp-json\/wp\/v2\/posts\/1562\/revisions\/1563"}],"wp:attachment":[{"href":"https:\/\/saint-nazaire-sainte-marie-immaculee.fr\/index.php\/wp-json\/wp\/v2\/media?parent=1562"}],"wp:term":[{"taxonomy":"category","embeddable":true,"href":"https:\/\/saint-nazaire-sainte-marie-immaculee.fr\/index.php\/wp-json\/wp\/v2\/categories?post=1562"},{"taxonomy":"post_tag","embeddable":true,"href":"https:\/\/saint-nazaire-sainte-marie-immaculee.fr\/index.php\/wp-json\/wp\/v2\/tags?post=1562"}],"curies":[{"name":"wp","href":"https:\/\/api.w.org\/{rel}","templated":true}]}}