{"id":2907,"date":"2021-12-16T21:33:07","date_gmt":"2021-12-16T20:33:07","guid":{"rendered":"https:\/\/saint-nazaire-sainte-marie-immaculee.fr\/?p=2907"},"modified":"2021-12-16T21:33:39","modified_gmt":"2021-12-16T20:33:39","slug":"rassemblement-pour-noel","status":"publish","type":"post","link":"https:\/\/saint-nazaire-sainte-marie-immaculee.fr\/index.php\/2021\/12\/16\/rassemblement-pour-noel\/","title":{"rendered":"Rassemblement pour No\u00ebl"},"content":{"rendered":"<p>En cette p\u00e9riode de l&rsquo;Avent, nous n&rsquo;avons malheureusement pas pu nous rendre \u00e0 l&rsquo;\u00e9glise pour notre c\u00e9l\u00e9bration. Toutes les classes ont cependant travaill\u00e9 sur la naissance de J\u00e9sus et l&rsquo;apparition de la vie. Ainsi, en classe, tous les \u00e9l\u00e8ves ont r\u00e9alis\u00e9 des fleurs. Mardi, \u00e0 tour de r\u00f4le, chaque classe s&rsquo;est retrouv\u00e9e dans la cour pour d\u00e9corer les arbres endormis par l&rsquo;automne et leur redonner couleurs et vie! Une \u0153uvre \u00e9ph\u00e9m\u00e8re que vous pouvez retrouver en photos.<\/p>\n<p>&nbsp;<\/p>\n<p><img loading=\"lazy\" decoding=\"async\" class=\"size-medium wp-image-2903 alignleft\" src=\"https:\/\/saint-nazaire-sainte-marie-immaculee.fr\/wp-content\/uploads\/2021\/12\/IMG_20211214_145805-224x300.jpg\" alt=\"\" width=\"224\" height=\"300\" srcset=\"https:\/\/saint-nazaire-sainte-marie-immaculee.fr\/wp-content\/uploads\/2021\/12\/IMG_20211214_145805-224x300.jpg 224w, https:\/\/saint-nazaire-sainte-marie-immaculee.fr\/wp-content\/uploads\/2021\/12\/IMG_20211214_145805-766x1024.jpg 766w, https:\/\/saint-nazaire-sainte-marie-immaculee.fr\/wp-content\/uploads\/2021\/12\/IMG_20211214_145805-768x1027.jpg 768w, https:\/\/saint-nazaire-sainte-marie-immaculee.fr\/wp-content\/uploads\/2021\/12\/IMG_20211214_145805-1149x1536.jpg 1149w, https:\/\/saint-nazaire-sainte-marie-immaculee.fr\/wp-content\/uploads\/2021\/12\/IMG_20211214_145805-1532x2048.jpg 1532w, https:\/\/saint-nazaire-sainte-marie-immaculee.fr\/wp-content\/uploads\/2021\/12\/IMG_20211214_145805-scaled.jpg 1915w\" sizes=\"(max-width: 224px) 100vw, 224px\" \/><img loading=\"lazy\" decoding=\"async\" class=\"aligncenter size-medium wp-image-2906\" src=\"https:\/\/saint-nazaire-sainte-marie-immaculee.fr\/wp-content\/uploads\/2021\/12\/IMG_20211214_145851-224x300.jpg\" alt=\"\" width=\"224\" height=\"300\" srcset=\"https:\/\/saint-nazaire-sainte-marie-immaculee.fr\/wp-content\/uploads\/2021\/12\/IMG_20211214_145851-224x300.jpg 224w, https:\/\/saint-nazaire-sainte-marie-immaculee.fr\/wp-content\/uploads\/2021\/12\/IMG_20211214_145851-766x1024.jpg 766w, https:\/\/saint-nazaire-sainte-marie-immaculee.fr\/wp-content\/uploads\/2021\/12\/IMG_20211214_145851-768x1027.jpg 768w, https:\/\/saint-nazaire-sainte-marie-immaculee.fr\/wp-content\/uploads\/2021\/12\/IMG_20211214_145851-1149x1536.jpg 1149w, https:\/\/saint-nazaire-sainte-marie-immaculee.fr\/wp-content\/uploads\/2021\/12\/IMG_20211214_145851-1532x2048.jpg 1532w, https:\/\/saint-nazaire-sainte-marie-immaculee.fr\/wp-content\/uploads\/2021\/12\/IMG_20211214_145851-scaled.jpg 1915w\" sizes=\"(max-width: 224px) 100vw, 224px\" \/> <img loading=\"lazy\" decoding=\"async\" class=\"size-medium wp-image-2905 alignright\" src=\"https:\/\/saint-nazaire-sainte-marie-immaculee.fr\/wp-content\/uploads\/2021\/12\/IMG_20211214_145843-224x300.jpg\" alt=\"\" width=\"224\" height=\"300\" srcset=\"https:\/\/saint-nazaire-sainte-marie-immaculee.fr\/wp-content\/uploads\/2021\/12\/IMG_20211214_145843-224x300.jpg 224w, https:\/\/saint-nazaire-sainte-marie-immaculee.fr\/wp-content\/uploads\/2021\/12\/IMG_20211214_145843-766x1024.jpg 766w, https:\/\/saint-nazaire-sainte-marie-immaculee.fr\/wp-content\/uploads\/2021\/12\/IMG_20211214_145843-768x1027.jpg 768w, https:\/\/saint-nazaire-sainte-marie-immaculee.fr\/wp-content\/uploads\/2021\/12\/IMG_20211214_145843-1149x1536.jpg 1149w, https:\/\/saint-nazaire-sainte-marie-immaculee.fr\/wp-content\/uploads\/2021\/12\/IMG_20211214_145843-1532x2048.jpg 1532w, https:\/\/saint-nazaire-sainte-marie-immaculee.fr\/wp-content\/uploads\/2021\/12\/IMG_20211214_145843-scaled.jpg 1915w\" sizes=\"(max-width: 224px) 100vw, 224px\" \/> <img loading=\"lazy\" decoding=\"async\" class=\"aligncenter size-medium wp-image-2904\" src=\"https:\/\/saint-nazaire-sainte-marie-immaculee.fr\/wp-content\/uploads\/2021\/12\/IMG_20211214_145832-224x300.jpg\" alt=\"\" width=\"224\" height=\"300\" srcset=\"https:\/\/saint-nazaire-sainte-marie-immaculee.fr\/wp-content\/uploads\/2021\/12\/IMG_20211214_145832-224x300.jpg 224w, https:\/\/saint-nazaire-sainte-marie-immaculee.fr\/wp-content\/uploads\/2021\/12\/IMG_20211214_145832-766x1024.jpg 766w, https:\/\/saint-nazaire-sainte-marie-immaculee.fr\/wp-content\/uploads\/2021\/12\/IMG_20211214_145832-768x1027.jpg 768w, https:\/\/saint-nazaire-sainte-marie-immaculee.fr\/wp-content\/uploads\/2021\/12\/IMG_20211214_145832-1149x1536.jpg 1149w, https:\/\/saint-nazaire-sainte-marie-immaculee.fr\/wp-content\/uploads\/2021\/12\/IMG_20211214_145832-1532x2048.jpg 1532w, https:\/\/saint-nazaire-sainte-marie-immaculee.fr\/wp-content\/uploads\/2021\/12\/IMG_20211214_145832-scaled.jpg 1915w\" sizes=\"(max-width: 224px) 100vw, 224px\" \/><\/p>\n","protected":false},"excerpt":{"rendered":"<p>En cette p\u00e9riode de l&rsquo;Avent, nous n&rsquo;avons malheureusement pas pu nous rendre \u00e0 l&rsquo;\u00e9glise pour notre c\u00e9l\u00e9bration. Toutes les classes ont cependant travaill\u00e9 sur la naissance de J\u00e9sus et l&rsquo;apparition de la vie. Ainsi, en classe, tous les \u00e9l\u00e8ves ont r\u00e9alis\u00e9 des fleurs. Mardi, \u00e0 tour de r\u00f4le, chaque classe s&rsquo;est retrouv\u00e9e dans la cour<\/p>\n<p><a href=\"https:\/\/saint-nazaire-sainte-marie-immaculee.fr\/index.php\/2021\/12\/16\/rassemblement-pour-noel\/\" class=\"more-link themebutton\">Lire la suite<\/a><\/p>\n","protected":false},"author":3,"featured_media":0,"comment_status":"closed","ping_status":"closed","sticky":false,"template":"","format":"standard","meta":{"ngg_post_thumbnail":0,"footnotes":""},"categories":[12],"tags":[],"yoast_head":"<!-- This site is optimized with the Yoast SEO plugin v23.5 - https:\/\/yoast.com\/wordpress\/plugins\/seo\/ -->\n<title>Rassemblement pour No\u00ebl - Ecole Sainte Marie de l&#039;Immacul\u00e9e Saint Nazaire<\/title>\n<meta name=\"robots\" content=\"index, follow, max-snippet:-1, max-image-preview:large, max-video-preview:-1\" \/>\n<link rel=\"canonical\" href=\"https:\/\/saint-nazaire-sainte-marie-immaculee.fr\/index.php\/2021\/12\/16\/rassemblement-pour-noel\/\" \/>\n<meta property=\"og:locale\" content=\"fr_FR\" \/>\n<meta property=\"og:type\" content=\"article\" \/>\n<meta property=\"og:title\" content=\"Rassemblement pour No\u00ebl - Ecole Sainte Marie de l&#039;Immacul\u00e9e Saint Nazaire\" \/>\n<meta property=\"og:description\" content=\"En cette p\u00e9riode de l&rsquo;Avent, nous n&rsquo;avons malheureusement pas pu nous rendre \u00e0 l&rsquo;\u00e9glise pour notre c\u00e9l\u00e9bration. Toutes les classes ont cependant travaill\u00e9 sur la naissance de J\u00e9sus et l&rsquo;apparition de la vie. Ainsi, en classe, tous les \u00e9l\u00e8ves ont r\u00e9alis\u00e9 des fleurs. Mardi, \u00e0 tour de r\u00f4le, chaque classe s&rsquo;est retrouv\u00e9e dans la courLire la suite\" \/>\n<meta property=\"og:url\" content=\"https:\/\/saint-nazaire-sainte-marie-immaculee.fr\/index.php\/2021\/12\/16\/rassemblement-pour-noel\/\" \/>\n<meta property=\"og:site_name\" content=\"Ecole Sainte Marie de l&#039;Immacul\u00e9e Saint Nazaire\" \/>\n<meta property=\"article:publisher\" content=\"https:\/\/www.facebook.com\/ecolesaintemarieimmaculeesaintnazaire\" \/>\n<meta property=\"article:published_time\" content=\"2021-12-16T20:33:07+00:00\" \/>\n<meta property=\"article:modified_time\" content=\"2021-12-16T20:33:39+00:00\" \/>\n<meta property=\"og:image\" content=\"https:\/\/saint-nazaire-sainte-marie-immaculee.fr\/wp-content\/uploads\/2021\/12\/IMG_20211214_145805-224x300.jpg\" \/>\n<meta name=\"author\" content=\"classe de CE1\" \/>\n<meta name=\"twitter:card\" content=\"summary_large_image\" \/>\n<meta name=\"twitter:label1\" content=\"\u00c9crit par\" \/>\n\t<meta name=\"twitter:data1\" content=\"classe de CE1\" \/>\n\t<meta name=\"twitter:label2\" content=\"Dur\u00e9e de lecture estim\u00e9e\" \/>\n\t<meta name=\"twitter:data2\" content=\"2 minutes\" \/>\n<script type=\"application\/ld+json\" class=\"yoast-schema-graph\">{\"@context\":\"https:\/\/schema.org\",\"@graph\":[{\"@type\":\"WebPage\",\"@id\":\"https:\/\/saint-nazaire-sainte-marie-immaculee.fr\/index.php\/2021\/12\/16\/rassemblement-pour-noel\/\",\"url\":\"https:\/\/saint-nazaire-sainte-marie-immaculee.fr\/index.php\/2021\/12\/16\/rassemblement-pour-noel\/\",\"name\":\"Rassemblement pour No\u00ebl - Ecole Sainte Marie de l&#039;Immacul\u00e9e Saint Nazaire\",\"isPartOf\":{\"@id\":\"https:\/\/saint-nazaire-sainte-marie-immaculee.fr\/#website\"},\"primaryImageOfPage\":{\"@id\":\"https:\/\/saint-nazaire-sainte-marie-immaculee.fr\/index.php\/2021\/12\/16\/rassemblement-pour-noel\/#primaryimage\"},\"image\":{\"@id\":\"https:\/\/saint-nazaire-sainte-marie-immaculee.fr\/index.php\/2021\/12\/16\/rassemblement-pour-noel\/#primaryimage\"},\"thumbnailUrl\":\"https:\/\/saint-nazaire-sainte-marie-immaculee.fr\/wp-content\/uploads\/2021\/12\/IMG_20211214_145805-224x300.jpg\",\"datePublished\":\"2021-12-16T20:33:07+00:00\",\"dateModified\":\"2021-12-16T20:33:39+00:00\",\"author\":{\"@id\":\"https:\/\/saint-nazaire-sainte-marie-immaculee.fr\/#\/schema\/person\/1fda96df955e43b9e4f572982947aa35\"},\"breadcrumb\":{\"@id\":\"https:\/\/saint-nazaire-sainte-marie-immaculee.fr\/index.php\/2021\/12\/16\/rassemblement-pour-noel\/#breadcrumb\"},\"inLanguage\":\"fr-FR\",\"potentialAction\":[{\"@type\":\"ReadAction\",\"target\":[\"https:\/\/saint-nazaire-sainte-marie-immaculee.fr\/index.php\/2021\/12\/16\/rassemblement-pour-noel\/\"]}]},{\"@type\":\"ImageObject\",\"inLanguage\":\"fr-FR\",\"@id\":\"https:\/\/saint-nazaire-sainte-marie-immaculee.fr\/index.php\/2021\/12\/16\/rassemblement-pour-noel\/#primaryimage\",\"url\":\"https:\/\/saint-nazaire-sainte-marie-immaculee.fr\/wp-content\/uploads\/2021\/12\/IMG_20211214_145805-scaled.jpg\",\"contentUrl\":\"https:\/\/saint-nazaire-sainte-marie-immaculee.fr\/wp-content\/uploads\/2021\/12\/IMG_20211214_145805-scaled.jpg\",\"width\":1915,\"height\":2560},{\"@type\":\"BreadcrumbList\",\"@id\":\"https:\/\/saint-nazaire-sainte-marie-immaculee.fr\/index.php\/2021\/12\/16\/rassemblement-pour-noel\/#breadcrumb\",\"itemListElement\":[{\"@type\":\"ListItem\",\"position\":1,\"name\":\"Accueil\",\"item\":\"https:\/\/saint-nazaire-sainte-marie-immaculee.fr\/\"},{\"@type\":\"ListItem\",\"position\":2,\"name\":\"Rassemblement pour No\u00ebl\"}]},{\"@type\":\"WebSite\",\"@id\":\"https:\/\/saint-nazaire-sainte-marie-immaculee.fr\/#website\",\"url\":\"https:\/\/saint-nazaire-sainte-marie-immaculee.fr\/\",\"name\":\"Ecole Sainte Marie de l&#039;Immacul\u00e9e Saint Nazaire\",\"description\":\"\",\"potentialAction\":[{\"@type\":\"SearchAction\",\"target\":{\"@type\":\"EntryPoint\",\"urlTemplate\":\"https:\/\/saint-nazaire-sainte-marie-immaculee.fr\/?s={search_term_string}\"},\"query-input\":{\"@type\":\"PropertyValueSpecification\",\"valueRequired\":true,\"valueName\":\"search_term_string\"}}],\"inLanguage\":\"fr-FR\"},{\"@type\":\"Person\",\"@id\":\"https:\/\/saint-nazaire-sainte-marie-immaculee.fr\/#\/schema\/person\/1fda96df955e43b9e4f572982947aa35\",\"name\":\"classe de CE1\",\"image\":{\"@type\":\"ImageObject\",\"inLanguage\":\"fr-FR\",\"@id\":\"https:\/\/saint-nazaire-sainte-marie-immaculee.fr\/#\/schema\/person\/image\/\",\"url\":\"https:\/\/secure.gravatar.com\/avatar\/25d489a70ac63d5c280b5fe12e632ee7?s=96&d=mm&r=g\",\"contentUrl\":\"https:\/\/secure.gravatar.com\/avatar\/25d489a70ac63d5c280b5fe12e632ee7?s=96&d=mm&r=g\",\"caption\":\"classe de CE1\"},\"url\":\"https:\/\/saint-nazaire-sainte-marie-immaculee.fr\/index.php\/author\/ce\/\"}]}<\/script>\n<!-- \/ Yoast SEO plugin. -->","yoast_head_json":{"title":"Rassemblement pour No\u00ebl - Ecole Sainte Marie de l&#039;Immacul\u00e9e Saint Nazaire","robots":{"index":"index","follow":"follow","max-snippet":"max-snippet:-1","max-image-preview":"max-image-preview:large","max-video-preview":"max-video-preview:-1"},"canonical":"https:\/\/saint-nazaire-sainte-marie-immaculee.fr\/index.php\/2021\/12\/16\/rassemblement-pour-noel\/","og_locale":"fr_FR","og_type":"article","og_title":"Rassemblement pour No\u00ebl - Ecole Sainte Marie de l&#039;Immacul\u00e9e Saint Nazaire","og_description":"En cette p\u00e9riode de l&rsquo;Avent, nous n&rsquo;avons malheureusement pas pu nous rendre \u00e0 l&rsquo;\u00e9glise pour notre c\u00e9l\u00e9bration. Toutes les classes ont cependant travaill\u00e9 sur la naissance de J\u00e9sus et l&rsquo;apparition de la vie. Ainsi, en classe, tous les \u00e9l\u00e8ves ont r\u00e9alis\u00e9 des fleurs. Mardi, \u00e0 tour de r\u00f4le, chaque classe s&rsquo;est retrouv\u00e9e dans la courLire la suite","og_url":"https:\/\/saint-nazaire-sainte-marie-immaculee.fr\/index.php\/2021\/12\/16\/rassemblement-pour-noel\/","og_site_name":"Ecole Sainte Marie de l&#039;Immacul\u00e9e Saint Nazaire","article_publisher":"https:\/\/www.facebook.com\/ecolesaintemarieimmaculeesaintnazaire","article_published_time":"2021-12-16T20:33:07+00:00","article_modified_time":"2021-12-16T20:33:39+00:00","og_image":[{"url":"https:\/\/saint-nazaire-sainte-marie-immaculee.fr\/wp-content\/uploads\/2021\/12\/IMG_20211214_145805-224x300.jpg"}],"author":"classe de CE1","twitter_card":"summary_large_image","twitter_misc":{"\u00c9crit par":"classe de CE1","Dur\u00e9e de lecture estim\u00e9e":"2 minutes"},"schema":{"@context":"https:\/\/schema.org","@graph":[{"@type":"WebPage","@id":"https:\/\/saint-nazaire-sainte-marie-immaculee.fr\/index.php\/2021\/12\/16\/rassemblement-pour-noel\/","url":"https:\/\/saint-nazaire-sainte-marie-immaculee.fr\/index.php\/2021\/12\/16\/rassemblement-pour-noel\/","name":"Rassemblement pour No\u00ebl - Ecole Sainte Marie de l&#039;Immacul\u00e9e Saint Nazaire","isPartOf":{"@id":"https:\/\/saint-nazaire-sainte-marie-immaculee.fr\/#website"},"primaryImageOfPage":{"@id":"https:\/\/saint-nazaire-sainte-marie-immaculee.fr\/index.php\/2021\/12\/16\/rassemblement-pour-noel\/#primaryimage"},"image":{"@id":"https:\/\/saint-nazaire-sainte-marie-immaculee.fr\/index.php\/2021\/12\/16\/rassemblement-pour-noel\/#primaryimage"},"thumbnailUrl":"https:\/\/saint-nazaire-sainte-marie-immaculee.fr\/wp-content\/uploads\/2021\/12\/IMG_20211214_145805-224x300.jpg","datePublished":"2021-12-16T20:33:07+00:00","dateModified":"2021-12-16T20:33:39+00:00","author":{"@id":"https:\/\/saint-nazaire-sainte-marie-immaculee.fr\/#\/schema\/person\/1fda96df955e43b9e4f572982947aa35"},"breadcrumb":{"@id":"https:\/\/saint-nazaire-sainte-marie-immaculee.fr\/index.php\/2021\/12\/16\/rassemblement-pour-noel\/#breadcrumb"},"inLanguage":"fr-FR","potentialAction":[{"@type":"ReadAction","target":["https:\/\/saint-nazaire-sainte-marie-immaculee.fr\/index.php\/2021\/12\/16\/rassemblement-pour-noel\/"]}]},{"@type":"ImageObject","inLanguage":"fr-FR","@id":"https:\/\/saint-nazaire-sainte-marie-immaculee.fr\/index.php\/2021\/12\/16\/rassemblement-pour-noel\/#primaryimage","url":"https:\/\/saint-nazaire-sainte-marie-immaculee.fr\/wp-content\/uploads\/2021\/12\/IMG_20211214_145805-scaled.jpg","contentUrl":"https:\/\/saint-nazaire-sainte-marie-immaculee.fr\/wp-content\/uploads\/2021\/12\/IMG_20211214_145805-scaled.jpg","width":1915,"height":2560},{"@type":"BreadcrumbList","@id":"https:\/\/saint-nazaire-sainte-marie-immaculee.fr\/index.php\/2021\/12\/16\/rassemblement-pour-noel\/#breadcrumb","itemListElement":[{"@type":"ListItem","position":1,"name":"Accueil","item":"https:\/\/saint-nazaire-sainte-marie-immaculee.fr\/"},{"@type":"ListItem","position":2,"name":"Rassemblement pour No\u00ebl"}]},{"@type":"WebSite","@id":"https:\/\/saint-nazaire-sainte-marie-immaculee.fr\/#website","url":"https:\/\/saint-nazaire-sainte-marie-immaculee.fr\/","name":"Ecole Sainte Marie de l&#039;Immacul\u00e9e Saint Nazaire","description":"","potentialAction":[{"@type":"SearchAction","target":{"@type":"EntryPoint","urlTemplate":"https:\/\/saint-nazaire-sainte-marie-immaculee.fr\/?s={search_term_string}"},"query-input":{"@type":"PropertyValueSpecification","valueRequired":true,"valueName":"search_term_string"}}],"inLanguage":"fr-FR"},{"@type":"Person","@id":"https:\/\/saint-nazaire-sainte-marie-immaculee.fr\/#\/schema\/person\/1fda96df955e43b9e4f572982947aa35","name":"classe de CE1","image":{"@type":"ImageObject","inLanguage":"fr-FR","@id":"https:\/\/saint-nazaire-sainte-marie-immaculee.fr\/#\/schema\/person\/image\/","url":"https:\/\/secure.gravatar.com\/avatar\/25d489a70ac63d5c280b5fe12e632ee7?s=96&d=mm&r=g","contentUrl":"https:\/\/secure.gravatar.com\/avatar\/25d489a70ac63d5c280b5fe12e632ee7?s=96&d=mm&r=g","caption":"classe de CE1"},"url":"https:\/\/saint-nazaire-sainte-marie-immaculee.fr\/index.php\/author\/ce\/"}]}},"_links":{"self":[{"href":"https:\/\/saint-nazaire-sainte-marie-immaculee.fr\/index.php\/wp-json\/wp\/v2\/posts\/2907"}],"collection":[{"href":"https:\/\/saint-nazaire-sainte-marie-immaculee.fr\/index.php\/wp-json\/wp\/v2\/posts"}],"about":[{"href":"https:\/\/saint-nazaire-sainte-marie-immaculee.fr\/index.php\/wp-json\/wp\/v2\/types\/post"}],"author":[{"embeddable":true,"href":"https:\/\/saint-nazaire-sainte-marie-immaculee.fr\/index.php\/wp-json\/wp\/v2\/users\/3"}],"replies":[{"embeddable":true,"href":"https:\/\/saint-nazaire-sainte-marie-immaculee.fr\/index.php\/wp-json\/wp\/v2\/comments?post=2907"}],"version-history":[{"count":5,"href":"https:\/\/saint-nazaire-sainte-marie-immaculee.fr\/index.php\/wp-json\/wp\/v2\/posts\/2907\/revisions"}],"predecessor-version":[{"id":2912,"href":"https:\/\/saint-nazaire-sainte-marie-immaculee.fr\/index.php\/wp-json\/wp\/v2\/posts\/2907\/revisions\/2912"}],"wp:attachment":[{"href":"https:\/\/saint-nazaire-sainte-marie-immaculee.fr\/index.php\/wp-json\/wp\/v2\/media?parent=2907"}],"wp:term":[{"taxonomy":"category","embeddable":true,"href":"https:\/\/saint-nazaire-sainte-marie-immaculee.fr\/index.php\/wp-json\/wp\/v2\/categories?post=2907"},{"taxonomy":"post_tag","embeddable":true,"href":"https:\/\/saint-nazaire-sainte-marie-immaculee.fr\/index.php\/wp-json\/wp\/v2\/tags?post=2907"}],"curies":[{"name":"wp","href":"https:\/\/api.w.org\/{rel}","templated":true}]}}