{"id":2917,"date":"2021-12-21T14:33:48","date_gmt":"2021-12-21T13:33:48","guid":{"rendered":"https:\/\/saint-nazaire-sainte-marie-immaculee.fr\/?p=2917"},"modified":"2021-12-21T14:33:48","modified_gmt":"2021-12-21T13:33:48","slug":"litterature-yvan-pommaux-et-les-contes","status":"publish","type":"post","link":"https:\/\/saint-nazaire-sainte-marie-immaculee.fr\/index.php\/2021\/12\/21\/litterature-yvan-pommaux-et-les-contes\/","title":{"rendered":"Litt\u00e9rature : Yvan Pommaux et les contes"},"content":{"rendered":"<p><span style=\"font-family: verdana, geneva, sans-serif; color: #008000;\">En p\u00e9riode 2, les CE2 ont d\u00e9couvert l&rsquo;\u00e9crivain Yvan Pommaux.<\/span><\/p>\n<p><span style=\"font-family: verdana, geneva, sans-serif; color: #008000;\">Il a \u00e9crit des albums qui font souvent penser \u00e0 des contes. Par exemple, \u00ab\u00a0Lilas\u00a0\u00bb \u00e9voque Blanche-Neige, \u00ab\u00a0Le grand sommeil\u00a0\u00bb \u00e9voque la Belle au Bois dormant, \u00ab\u00a0John Chatterton d\u00e9tective\u00a0\u00bb fait r\u00e9f\u00e9rence au Petit Chaperon rouge &#8230;<\/span><\/p>\n<p><img loading=\"lazy\" decoding=\"async\" class=\"alignnone  wp-image-2919\" src=\"https:\/\/saint-nazaire-sainte-marie-immaculee.fr\/wp-content\/uploads\/2021\/12\/269333999_333043711996725_460603478061651081_n.jpg\" alt=\"\" width=\"477\" height=\"358\" srcset=\"https:\/\/saint-nazaire-sainte-marie-immaculee.fr\/wp-content\/uploads\/2021\/12\/269333999_333043711996725_460603478061651081_n.jpg 960w, https:\/\/saint-nazaire-sainte-marie-immaculee.fr\/wp-content\/uploads\/2021\/12\/269333999_333043711996725_460603478061651081_n-300x225.jpg 300w, https:\/\/saint-nazaire-sainte-marie-immaculee.fr\/wp-content\/uploads\/2021\/12\/269333999_333043711996725_460603478061651081_n-768x576.jpg 768w\" sizes=\"(max-width: 477px) 100vw, 477px\" \/><\/p>\n<p><span style=\"font-family: verdana, geneva, sans-serif; color: #008000;\">Chaque semaine, les CE2 devaient lire un album de l&rsquo;auteur puis r\u00e9pondre \u00e0 des questions pour v\u00e9rifier leur compr\u00e9hension.\u00a0<\/span><\/p>\n<p><span style=\"font-family: verdana, geneva, sans-serif; color: #008000;\">Quand ce travail \u00e9tait termin\u00e9, ils disposaient d&rsquo;un temps de lecture libre. De nombreux albums, bandes dessin\u00e9es&#8230; de l&rsquo;auteur \u00e9taient \u00e0 disposition.\u00a0<\/span><\/p>\n<p><img loading=\"lazy\" decoding=\"async\" class=\"alignnone  wp-image-2918\" src=\"https:\/\/saint-nazaire-sainte-marie-immaculee.fr\/wp-content\/uploads\/2021\/12\/269127406_946760852712742_4890268194796535051_n.jpg\" alt=\"\" width=\"624\" height=\"468\" srcset=\"https:\/\/saint-nazaire-sainte-marie-immaculee.fr\/wp-content\/uploads\/2021\/12\/269127406_946760852712742_4890268194796535051_n.jpg 960w, https:\/\/saint-nazaire-sainte-marie-immaculee.fr\/wp-content\/uploads\/2021\/12\/269127406_946760852712742_4890268194796535051_n-300x225.jpg 300w, https:\/\/saint-nazaire-sainte-marie-immaculee.fr\/wp-content\/uploads\/2021\/12\/269127406_946760852712742_4890268194796535051_n-768x576.jpg 768w\" sizes=\"(max-width: 624px) 100vw, 624px\" \/><\/p>\n","protected":false},"excerpt":{"rendered":"<p>En p\u00e9riode 2, les CE2 ont d\u00e9couvert l&rsquo;\u00e9crivain Yvan Pommaux. Il a \u00e9crit des albums qui font souvent penser \u00e0 des contes. Par exemple, \u00ab\u00a0Lilas\u00a0\u00bb \u00e9voque Blanche-Neige, \u00ab\u00a0Le grand sommeil\u00a0\u00bb \u00e9voque la Belle au Bois dormant, \u00ab\u00a0John Chatterton d\u00e9tective\u00a0\u00bb fait r\u00e9f\u00e9rence au Petit Chaperon rouge &#8230; Chaque semaine, les CE2 devaient lire un album de<\/p>\n<p><a href=\"https:\/\/saint-nazaire-sainte-marie-immaculee.fr\/index.php\/2021\/12\/21\/litterature-yvan-pommaux-et-les-contes\/\" class=\"more-link themebutton\">Lire la suite<\/a><\/p>\n","protected":false},"author":4,"featured_media":0,"comment_status":"closed","ping_status":"closed","sticky":false,"template":"","format":"standard","meta":{"ngg_post_thumbnail":0,"footnotes":""},"categories":[12,9],"tags":[],"yoast_head":"<!-- This site is optimized with the Yoast SEO plugin v23.5 - https:\/\/yoast.com\/wordpress\/plugins\/seo\/ -->\n<title>Litt\u00e9rature : Yvan Pommaux et les contes - Ecole Sainte Marie de l&#039;Immacul\u00e9e Saint Nazaire<\/title>\n<meta name=\"robots\" content=\"index, follow, max-snippet:-1, max-image-preview:large, max-video-preview:-1\" \/>\n<link rel=\"canonical\" href=\"https:\/\/saint-nazaire-sainte-marie-immaculee.fr\/index.php\/2021\/12\/21\/litterature-yvan-pommaux-et-les-contes\/\" \/>\n<meta property=\"og:locale\" content=\"fr_FR\" \/>\n<meta property=\"og:type\" content=\"article\" \/>\n<meta property=\"og:title\" content=\"Litt\u00e9rature : Yvan Pommaux et les contes - Ecole Sainte Marie de l&#039;Immacul\u00e9e Saint Nazaire\" \/>\n<meta property=\"og:description\" content=\"En p\u00e9riode 2, les CE2 ont d\u00e9couvert l&rsquo;\u00e9crivain Yvan Pommaux. Il a \u00e9crit des albums qui font souvent penser \u00e0 des contes. Par exemple, \u00ab\u00a0Lilas\u00a0\u00bb \u00e9voque Blanche-Neige, \u00ab\u00a0Le grand sommeil\u00a0\u00bb \u00e9voque la Belle au Bois dormant, \u00ab\u00a0John Chatterton d\u00e9tective\u00a0\u00bb fait r\u00e9f\u00e9rence au Petit Chaperon rouge &#8230; Chaque semaine, les CE2 devaient lire un album deLire la suite\" \/>\n<meta property=\"og:url\" content=\"https:\/\/saint-nazaire-sainte-marie-immaculee.fr\/index.php\/2021\/12\/21\/litterature-yvan-pommaux-et-les-contes\/\" \/>\n<meta property=\"og:site_name\" content=\"Ecole Sainte Marie de l&#039;Immacul\u00e9e Saint Nazaire\" \/>\n<meta property=\"article:publisher\" content=\"https:\/\/www.facebook.com\/ecolesaintemarieimmaculeesaintnazaire\" \/>\n<meta property=\"article:published_time\" content=\"2021-12-21T13:33:48+00:00\" \/>\n<meta property=\"og:image\" content=\"https:\/\/saint-nazaire-sainte-marie-immaculee.fr\/wp-content\/uploads\/2021\/12\/269333999_333043711996725_460603478061651081_n.jpg\" \/>\n<meta name=\"author\" content=\"Classe de CE2 \/ CM1\" \/>\n<meta name=\"twitter:card\" content=\"summary_large_image\" \/>\n<meta name=\"twitter:label1\" content=\"\u00c9crit par\" \/>\n\t<meta name=\"twitter:data1\" content=\"Classe de CE2 \/ CM1\" \/>\n\t<meta name=\"twitter:label2\" content=\"Dur\u00e9e de lecture estim\u00e9e\" \/>\n\t<meta name=\"twitter:data2\" content=\"1 minute\" \/>\n<script type=\"application\/ld+json\" class=\"yoast-schema-graph\">{\"@context\":\"https:\/\/schema.org\",\"@graph\":[{\"@type\":\"WebPage\",\"@id\":\"https:\/\/saint-nazaire-sainte-marie-immaculee.fr\/index.php\/2021\/12\/21\/litterature-yvan-pommaux-et-les-contes\/\",\"url\":\"https:\/\/saint-nazaire-sainte-marie-immaculee.fr\/index.php\/2021\/12\/21\/litterature-yvan-pommaux-et-les-contes\/\",\"name\":\"Litt\u00e9rature : Yvan Pommaux et les contes - Ecole Sainte Marie de l&#039;Immacul\u00e9e Saint Nazaire\",\"isPartOf\":{\"@id\":\"https:\/\/saint-nazaire-sainte-marie-immaculee.fr\/#website\"},\"primaryImageOfPage\":{\"@id\":\"https:\/\/saint-nazaire-sainte-marie-immaculee.fr\/index.php\/2021\/12\/21\/litterature-yvan-pommaux-et-les-contes\/#primaryimage\"},\"image\":{\"@id\":\"https:\/\/saint-nazaire-sainte-marie-immaculee.fr\/index.php\/2021\/12\/21\/litterature-yvan-pommaux-et-les-contes\/#primaryimage\"},\"thumbnailUrl\":\"https:\/\/saint-nazaire-sainte-marie-immaculee.fr\/wp-content\/uploads\/2021\/12\/269333999_333043711996725_460603478061651081_n.jpg\",\"datePublished\":\"2021-12-21T13:33:48+00:00\",\"dateModified\":\"2021-12-21T13:33:48+00:00\",\"author\":{\"@id\":\"https:\/\/saint-nazaire-sainte-marie-immaculee.fr\/#\/schema\/person\/9e5665db638120c5784ae4adb2023456\"},\"breadcrumb\":{\"@id\":\"https:\/\/saint-nazaire-sainte-marie-immaculee.fr\/index.php\/2021\/12\/21\/litterature-yvan-pommaux-et-les-contes\/#breadcrumb\"},\"inLanguage\":\"fr-FR\",\"potentialAction\":[{\"@type\":\"ReadAction\",\"target\":[\"https:\/\/saint-nazaire-sainte-marie-immaculee.fr\/index.php\/2021\/12\/21\/litterature-yvan-pommaux-et-les-contes\/\"]}]},{\"@type\":\"ImageObject\",\"inLanguage\":\"fr-FR\",\"@id\":\"https:\/\/saint-nazaire-sainte-marie-immaculee.fr\/index.php\/2021\/12\/21\/litterature-yvan-pommaux-et-les-contes\/#primaryimage\",\"url\":\"https:\/\/saint-nazaire-sainte-marie-immaculee.fr\/wp-content\/uploads\/2021\/12\/269333999_333043711996725_460603478061651081_n.jpg\",\"contentUrl\":\"https:\/\/saint-nazaire-sainte-marie-immaculee.fr\/wp-content\/uploads\/2021\/12\/269333999_333043711996725_460603478061651081_n.jpg\",\"width\":960,\"height\":720},{\"@type\":\"BreadcrumbList\",\"@id\":\"https:\/\/saint-nazaire-sainte-marie-immaculee.fr\/index.php\/2021\/12\/21\/litterature-yvan-pommaux-et-les-contes\/#breadcrumb\",\"itemListElement\":[{\"@type\":\"ListItem\",\"position\":1,\"name\":\"Accueil\",\"item\":\"https:\/\/saint-nazaire-sainte-marie-immaculee.fr\/\"},{\"@type\":\"ListItem\",\"position\":2,\"name\":\"Litt\u00e9rature : Yvan Pommaux et les contes\"}]},{\"@type\":\"WebSite\",\"@id\":\"https:\/\/saint-nazaire-sainte-marie-immaculee.fr\/#website\",\"url\":\"https:\/\/saint-nazaire-sainte-marie-immaculee.fr\/\",\"name\":\"Ecole Sainte Marie de l&#039;Immacul\u00e9e Saint Nazaire\",\"description\":\"\",\"potentialAction\":[{\"@type\":\"SearchAction\",\"target\":{\"@type\":\"EntryPoint\",\"urlTemplate\":\"https:\/\/saint-nazaire-sainte-marie-immaculee.fr\/?s={search_term_string}\"},\"query-input\":{\"@type\":\"PropertyValueSpecification\",\"valueRequired\":true,\"valueName\":\"search_term_string\"}}],\"inLanguage\":\"fr-FR\"},{\"@type\":\"Person\",\"@id\":\"https:\/\/saint-nazaire-sainte-marie-immaculee.fr\/#\/schema\/person\/9e5665db638120c5784ae4adb2023456\",\"name\":\"Classe de CE2 \/ CM1\",\"image\":{\"@type\":\"ImageObject\",\"inLanguage\":\"fr-FR\",\"@id\":\"https:\/\/saint-nazaire-sainte-marie-immaculee.fr\/#\/schema\/person\/image\/\",\"url\":\"https:\/\/secure.gravatar.com\/avatar\/5ec38d5c60ed21032e593e51d7056b4b?s=96&d=mm&r=g\",\"contentUrl\":\"https:\/\/secure.gravatar.com\/avatar\/5ec38d5c60ed21032e593e51d7056b4b?s=96&d=mm&r=g\",\"caption\":\"Classe de CE2 \/ CM1\"},\"url\":\"https:\/\/saint-nazaire-sainte-marie-immaculee.fr\/index.php\/author\/ccourdier\/\"}]}<\/script>\n<!-- \/ Yoast SEO plugin. -->","yoast_head_json":{"title":"Litt\u00e9rature : Yvan Pommaux et les contes - Ecole Sainte Marie de l&#039;Immacul\u00e9e Saint Nazaire","robots":{"index":"index","follow":"follow","max-snippet":"max-snippet:-1","max-image-preview":"max-image-preview:large","max-video-preview":"max-video-preview:-1"},"canonical":"https:\/\/saint-nazaire-sainte-marie-immaculee.fr\/index.php\/2021\/12\/21\/litterature-yvan-pommaux-et-les-contes\/","og_locale":"fr_FR","og_type":"article","og_title":"Litt\u00e9rature : Yvan Pommaux et les contes - Ecole Sainte Marie de l&#039;Immacul\u00e9e Saint Nazaire","og_description":"En p\u00e9riode 2, les CE2 ont d\u00e9couvert l&rsquo;\u00e9crivain Yvan Pommaux. Il a \u00e9crit des albums qui font souvent penser \u00e0 des contes. Par exemple, \u00ab\u00a0Lilas\u00a0\u00bb \u00e9voque Blanche-Neige, \u00ab\u00a0Le grand sommeil\u00a0\u00bb \u00e9voque la Belle au Bois dormant, \u00ab\u00a0John Chatterton d\u00e9tective\u00a0\u00bb fait r\u00e9f\u00e9rence au Petit Chaperon rouge &#8230; Chaque semaine, les CE2 devaient lire un album deLire la suite","og_url":"https:\/\/saint-nazaire-sainte-marie-immaculee.fr\/index.php\/2021\/12\/21\/litterature-yvan-pommaux-et-les-contes\/","og_site_name":"Ecole Sainte Marie de l&#039;Immacul\u00e9e Saint Nazaire","article_publisher":"https:\/\/www.facebook.com\/ecolesaintemarieimmaculeesaintnazaire","article_published_time":"2021-12-21T13:33:48+00:00","og_image":[{"url":"https:\/\/saint-nazaire-sainte-marie-immaculee.fr\/wp-content\/uploads\/2021\/12\/269333999_333043711996725_460603478061651081_n.jpg"}],"author":"Classe de CE2 \/ CM1","twitter_card":"summary_large_image","twitter_misc":{"\u00c9crit par":"Classe de CE2 \/ CM1","Dur\u00e9e de lecture estim\u00e9e":"1 minute"},"schema":{"@context":"https:\/\/schema.org","@graph":[{"@type":"WebPage","@id":"https:\/\/saint-nazaire-sainte-marie-immaculee.fr\/index.php\/2021\/12\/21\/litterature-yvan-pommaux-et-les-contes\/","url":"https:\/\/saint-nazaire-sainte-marie-immaculee.fr\/index.php\/2021\/12\/21\/litterature-yvan-pommaux-et-les-contes\/","name":"Litt\u00e9rature : Yvan Pommaux et les contes - Ecole Sainte Marie de l&#039;Immacul\u00e9e Saint Nazaire","isPartOf":{"@id":"https:\/\/saint-nazaire-sainte-marie-immaculee.fr\/#website"},"primaryImageOfPage":{"@id":"https:\/\/saint-nazaire-sainte-marie-immaculee.fr\/index.php\/2021\/12\/21\/litterature-yvan-pommaux-et-les-contes\/#primaryimage"},"image":{"@id":"https:\/\/saint-nazaire-sainte-marie-immaculee.fr\/index.php\/2021\/12\/21\/litterature-yvan-pommaux-et-les-contes\/#primaryimage"},"thumbnailUrl":"https:\/\/saint-nazaire-sainte-marie-immaculee.fr\/wp-content\/uploads\/2021\/12\/269333999_333043711996725_460603478061651081_n.jpg","datePublished":"2021-12-21T13:33:48+00:00","dateModified":"2021-12-21T13:33:48+00:00","author":{"@id":"https:\/\/saint-nazaire-sainte-marie-immaculee.fr\/#\/schema\/person\/9e5665db638120c5784ae4adb2023456"},"breadcrumb":{"@id":"https:\/\/saint-nazaire-sainte-marie-immaculee.fr\/index.php\/2021\/12\/21\/litterature-yvan-pommaux-et-les-contes\/#breadcrumb"},"inLanguage":"fr-FR","potentialAction":[{"@type":"ReadAction","target":["https:\/\/saint-nazaire-sainte-marie-immaculee.fr\/index.php\/2021\/12\/21\/litterature-yvan-pommaux-et-les-contes\/"]}]},{"@type":"ImageObject","inLanguage":"fr-FR","@id":"https:\/\/saint-nazaire-sainte-marie-immaculee.fr\/index.php\/2021\/12\/21\/litterature-yvan-pommaux-et-les-contes\/#primaryimage","url":"https:\/\/saint-nazaire-sainte-marie-immaculee.fr\/wp-content\/uploads\/2021\/12\/269333999_333043711996725_460603478061651081_n.jpg","contentUrl":"https:\/\/saint-nazaire-sainte-marie-immaculee.fr\/wp-content\/uploads\/2021\/12\/269333999_333043711996725_460603478061651081_n.jpg","width":960,"height":720},{"@type":"BreadcrumbList","@id":"https:\/\/saint-nazaire-sainte-marie-immaculee.fr\/index.php\/2021\/12\/21\/litterature-yvan-pommaux-et-les-contes\/#breadcrumb","itemListElement":[{"@type":"ListItem","position":1,"name":"Accueil","item":"https:\/\/saint-nazaire-sainte-marie-immaculee.fr\/"},{"@type":"ListItem","position":2,"name":"Litt\u00e9rature : Yvan Pommaux et les contes"}]},{"@type":"WebSite","@id":"https:\/\/saint-nazaire-sainte-marie-immaculee.fr\/#website","url":"https:\/\/saint-nazaire-sainte-marie-immaculee.fr\/","name":"Ecole Sainte Marie de l&#039;Immacul\u00e9e Saint Nazaire","description":"","potentialAction":[{"@type":"SearchAction","target":{"@type":"EntryPoint","urlTemplate":"https:\/\/saint-nazaire-sainte-marie-immaculee.fr\/?s={search_term_string}"},"query-input":{"@type":"PropertyValueSpecification","valueRequired":true,"valueName":"search_term_string"}}],"inLanguage":"fr-FR"},{"@type":"Person","@id":"https:\/\/saint-nazaire-sainte-marie-immaculee.fr\/#\/schema\/person\/9e5665db638120c5784ae4adb2023456","name":"Classe de CE2 \/ CM1","image":{"@type":"ImageObject","inLanguage":"fr-FR","@id":"https:\/\/saint-nazaire-sainte-marie-immaculee.fr\/#\/schema\/person\/image\/","url":"https:\/\/secure.gravatar.com\/avatar\/5ec38d5c60ed21032e593e51d7056b4b?s=96&d=mm&r=g","contentUrl":"https:\/\/secure.gravatar.com\/avatar\/5ec38d5c60ed21032e593e51d7056b4b?s=96&d=mm&r=g","caption":"Classe de CE2 \/ CM1"},"url":"https:\/\/saint-nazaire-sainte-marie-immaculee.fr\/index.php\/author\/ccourdier\/"}]}},"_links":{"self":[{"href":"https:\/\/saint-nazaire-sainte-marie-immaculee.fr\/index.php\/wp-json\/wp\/v2\/posts\/2917"}],"collection":[{"href":"https:\/\/saint-nazaire-sainte-marie-immaculee.fr\/index.php\/wp-json\/wp\/v2\/posts"}],"about":[{"href":"https:\/\/saint-nazaire-sainte-marie-immaculee.fr\/index.php\/wp-json\/wp\/v2\/types\/post"}],"author":[{"embeddable":true,"href":"https:\/\/saint-nazaire-sainte-marie-immaculee.fr\/index.php\/wp-json\/wp\/v2\/users\/4"}],"replies":[{"embeddable":true,"href":"https:\/\/saint-nazaire-sainte-marie-immaculee.fr\/index.php\/wp-json\/wp\/v2\/comments?post=2917"}],"version-history":[{"count":1,"href":"https:\/\/saint-nazaire-sainte-marie-immaculee.fr\/index.php\/wp-json\/wp\/v2\/posts\/2917\/revisions"}],"predecessor-version":[{"id":2920,"href":"https:\/\/saint-nazaire-sainte-marie-immaculee.fr\/index.php\/wp-json\/wp\/v2\/posts\/2917\/revisions\/2920"}],"wp:attachment":[{"href":"https:\/\/saint-nazaire-sainte-marie-immaculee.fr\/index.php\/wp-json\/wp\/v2\/media?parent=2917"}],"wp:term":[{"taxonomy":"category","embeddable":true,"href":"https:\/\/saint-nazaire-sainte-marie-immaculee.fr\/index.php\/wp-json\/wp\/v2\/categories?post=2917"},{"taxonomy":"post_tag","embeddable":true,"href":"https:\/\/saint-nazaire-sainte-marie-immaculee.fr\/index.php\/wp-json\/wp\/v2\/tags?post=2917"}],"curies":[{"name":"wp","href":"https:\/\/api.w.org\/{rel}","templated":true}]}}