{"id":2981,"date":"2022-03-06T10:57:14","date_gmt":"2022-03-06T09:57:14","guid":{"rendered":"https:\/\/saint-nazaire-sainte-marie-immaculee.fr\/?p=2981"},"modified":"2022-03-06T10:57:14","modified_gmt":"2022-03-06T09:57:14","slug":"apres-midi-contes-pour-les-ce1-ce2","status":"publish","type":"post","link":"https:\/\/saint-nazaire-sainte-marie-immaculee.fr\/index.php\/2022\/03\/06\/apres-midi-contes-pour-les-ce1-ce2\/","title":{"rendered":"Apr\u00e8s-midi contes pour les CE1-CE2"},"content":{"rendered":"<p>Afin de pr\u00e9parer leur voyage scolaire\u00a0\u00bb Contes, l\u00e9gendes et biodiversit\u00e9\u00a0\u00bb en for\u00eat de Broc\u00e9liande et dans le cadre du projet \u00e9co-\u00e9cole, les classes de CE1 et CE2 ont invit\u00e9 la conteuse Dominique de la compagnie Mano&amp;Co \u00e0 venir conter \u00e0 l&rsquo;\u00e9cole devant les \u00e9l\u00e8ves le lundi 28 janvier.<\/p>\n\n\t\t<style type=\"text\/css\">\n\t\t\t#gallery-1 {\n\t\t\t\tmargin: auto;\n\t\t\t}\n\t\t\t#gallery-1 .gallery-item {\n\t\t\t\tfloat: left;\n\t\t\t\tmargin-top: 10px;\n\t\t\t\ttext-align: center;\n\t\t\t\twidth: 25%;\n\t\t\t}\n\t\t\t#gallery-1 img {\n\t\t\t\tborder: 2px solid #cfcfcf;\n\t\t\t}\n\t\t\t#gallery-1 .gallery-caption {\n\t\t\t\tmargin-left: 0;\n\t\t\t}\n\t\t\t\/* see gallery_shortcode() in wp-includes\/media.php *\/\n\t\t<\/style>\n\t\t<div id='gallery-1' class='gallery galleryid-2981 gallery-columns-4 gallery-size-thumbnail'><dl class='gallery-item'>\n\t\t\t<dt class='gallery-icon portrait'>\n\t\t\t\t<a href='https:\/\/saint-nazaire-sainte-marie-immaculee.fr\/index.php\/2022\/03\/06\/apres-midi-contes-pour-les-ce1-ce2\/conteuse-2\/#main'><img loading=\"lazy\" decoding=\"async\" width=\"150\" height=\"150\" src=\"https:\/\/saint-nazaire-sainte-marie-immaculee.fr\/wp-content\/uploads\/2022\/03\/conteuse-2-150x150.jpg\" class=\"attachment-thumbnail size-thumbnail\" alt=\"\" \/><\/a>\n\t\t\t<\/dt><\/dl><dl class='gallery-item'>\n\t\t\t<dt class='gallery-icon landscape'>\n\t\t\t\t<a href='https:\/\/saint-nazaire-sainte-marie-immaculee.fr\/index.php\/2022\/03\/06\/apres-midi-contes-pour-les-ce1-ce2\/conteuse-3\/#main'><img loading=\"lazy\" decoding=\"async\" width=\"150\" height=\"150\" src=\"https:\/\/saint-nazaire-sainte-marie-immaculee.fr\/wp-content\/uploads\/2022\/03\/conteuse-3-150x150.jpg\" class=\"attachment-thumbnail size-thumbnail\" alt=\"\" \/><\/a>\n\t\t\t<\/dt><\/dl><dl class='gallery-item'>\n\t\t\t<dt class='gallery-icon portrait'>\n\t\t\t\t<a href='https:\/\/saint-nazaire-sainte-marie-immaculee.fr\/conteuse-4\/'><img loading=\"lazy\" decoding=\"async\" width=\"150\" height=\"150\" src=\"https:\/\/saint-nazaire-sainte-marie-immaculee.fr\/wp-content\/uploads\/2022\/03\/conteuse-4-150x150.jpg\" class=\"attachment-thumbnail size-thumbnail\" alt=\"\" \/><\/a>\n\t\t\t<\/dt><\/dl><dl class='gallery-item'>\n\t\t\t<dt class='gallery-icon portrait'>\n\t\t\t\t<a href='https:\/\/saint-nazaire-sainte-marie-immaculee.fr\/index.php\/2022\/03\/06\/apres-midi-contes-pour-les-ce1-ce2\/img_20220228_135154\/#main'><img loading=\"lazy\" decoding=\"async\" width=\"150\" height=\"150\" src=\"https:\/\/saint-nazaire-sainte-marie-immaculee.fr\/wp-content\/uploads\/2022\/03\/IMG_20220228_135154-150x150.jpg\" class=\"attachment-thumbnail size-thumbnail\" alt=\"\" \/><\/a>\n\t\t\t<\/dt><\/dl><br style=\"clear: both\" \/>\n\t\t<\/div>\n\n<p>Utilisant, masques, d\u00e9guisements, figurines de papier,&#8230; Dominique a transport\u00e9 les \u00e9l\u00e8ves et les adultes dans un monde f\u00e9\u00e9rique tout en nous rappelant l&rsquo;importance de la biodiversit\u00e9 et de la place de chacun dans notre environnement.<\/p>\n","protected":false},"excerpt":{"rendered":"<p>Afin de pr\u00e9parer leur voyage scolaire\u00a0\u00bb Contes, l\u00e9gendes et biodiversit\u00e9\u00a0\u00bb en for\u00eat de Broc\u00e9liande et dans le cadre du projet \u00e9co-\u00e9cole, les classes de CE1 et CE2 ont invit\u00e9 la conteuse Dominique de la compagnie Mano&amp;Co \u00e0 venir conter \u00e0 l&rsquo;\u00e9cole devant les \u00e9l\u00e8ves le lundi 28 janvier. Utilisant, masques, d\u00e9guisements, figurines de papier,&#8230; Dominique<\/p>\n<p><a href=\"https:\/\/saint-nazaire-sainte-marie-immaculee.fr\/index.php\/2022\/03\/06\/apres-midi-contes-pour-les-ce1-ce2\/\" class=\"more-link themebutton\">Lire la suite<\/a><\/p>\n","protected":false},"author":3,"featured_media":0,"comment_status":"closed","ping_status":"closed","sticky":false,"template":"","format":"standard","meta":{"ngg_post_thumbnail":0,"footnotes":""},"categories":[12,8,9],"tags":[],"yoast_head":"<!-- This site is optimized with the Yoast SEO plugin v23.5 - https:\/\/yoast.com\/wordpress\/plugins\/seo\/ -->\n<title>Apr\u00e8s-midi contes pour les CE1-CE2 - Ecole Sainte Marie de l&#039;Immacul\u00e9e Saint Nazaire<\/title>\n<meta name=\"robots\" content=\"index, follow, max-snippet:-1, max-image-preview:large, max-video-preview:-1\" \/>\n<link rel=\"canonical\" href=\"https:\/\/saint-nazaire-sainte-marie-immaculee.fr\/index.php\/2022\/03\/06\/apres-midi-contes-pour-les-ce1-ce2\/\" \/>\n<meta property=\"og:locale\" content=\"fr_FR\" \/>\n<meta property=\"og:type\" content=\"article\" \/>\n<meta property=\"og:title\" content=\"Apr\u00e8s-midi contes pour les CE1-CE2 - Ecole Sainte Marie de l&#039;Immacul\u00e9e Saint Nazaire\" \/>\n<meta property=\"og:description\" content=\"Afin de pr\u00e9parer leur voyage scolaire\u00a0\u00bb Contes, l\u00e9gendes et biodiversit\u00e9\u00a0\u00bb en for\u00eat de Broc\u00e9liande et dans le cadre du projet \u00e9co-\u00e9cole, les classes de CE1 et CE2 ont invit\u00e9 la conteuse Dominique de la compagnie Mano&amp;Co \u00e0 venir conter \u00e0 l&rsquo;\u00e9cole devant les \u00e9l\u00e8ves le lundi 28 janvier. Utilisant, masques, d\u00e9guisements, figurines de papier,&#8230; DominiqueLire la suite\" \/>\n<meta property=\"og:url\" content=\"https:\/\/saint-nazaire-sainte-marie-immaculee.fr\/index.php\/2022\/03\/06\/apres-midi-contes-pour-les-ce1-ce2\/\" \/>\n<meta property=\"og:site_name\" content=\"Ecole Sainte Marie de l&#039;Immacul\u00e9e Saint Nazaire\" \/>\n<meta property=\"article:publisher\" content=\"https:\/\/www.facebook.com\/ecolesaintemarieimmaculeesaintnazaire\" \/>\n<meta property=\"article:published_time\" content=\"2022-03-06T09:57:14+00:00\" \/>\n<meta property=\"og:image\" content=\"https:\/\/saint-nazaire-sainte-marie-immaculee.fr\/wp-content\/uploads\/2022\/03\/conteuse-4-150x150.jpg\" \/>\n<meta name=\"author\" content=\"classe de CE1\" \/>\n<meta name=\"twitter:card\" content=\"summary_large_image\" \/>\n<meta name=\"twitter:label1\" content=\"\u00c9crit par\" \/>\n\t<meta name=\"twitter:data1\" content=\"classe de CE1\" \/>\n\t<meta name=\"twitter:label2\" content=\"Dur\u00e9e de lecture estim\u00e9e\" \/>\n\t<meta name=\"twitter:data2\" content=\"1 minute\" \/>\n<script type=\"application\/ld+json\" class=\"yoast-schema-graph\">{\"@context\":\"https:\/\/schema.org\",\"@graph\":[{\"@type\":\"WebPage\",\"@id\":\"https:\/\/saint-nazaire-sainte-marie-immaculee.fr\/index.php\/2022\/03\/06\/apres-midi-contes-pour-les-ce1-ce2\/\",\"url\":\"https:\/\/saint-nazaire-sainte-marie-immaculee.fr\/index.php\/2022\/03\/06\/apres-midi-contes-pour-les-ce1-ce2\/\",\"name\":\"Apr\u00e8s-midi contes pour les CE1-CE2 - Ecole Sainte Marie de l&#039;Immacul\u00e9e Saint Nazaire\",\"isPartOf\":{\"@id\":\"https:\/\/saint-nazaire-sainte-marie-immaculee.fr\/#website\"},\"datePublished\":\"2022-03-06T09:57:14+00:00\",\"dateModified\":\"2022-03-06T09:57:14+00:00\",\"author\":{\"@id\":\"https:\/\/saint-nazaire-sainte-marie-immaculee.fr\/#\/schema\/person\/1fda96df955e43b9e4f572982947aa35\"},\"breadcrumb\":{\"@id\":\"https:\/\/saint-nazaire-sainte-marie-immaculee.fr\/index.php\/2022\/03\/06\/apres-midi-contes-pour-les-ce1-ce2\/#breadcrumb\"},\"inLanguage\":\"fr-FR\",\"potentialAction\":[{\"@type\":\"ReadAction\",\"target\":[\"https:\/\/saint-nazaire-sainte-marie-immaculee.fr\/index.php\/2022\/03\/06\/apres-midi-contes-pour-les-ce1-ce2\/\"]}]},{\"@type\":\"BreadcrumbList\",\"@id\":\"https:\/\/saint-nazaire-sainte-marie-immaculee.fr\/index.php\/2022\/03\/06\/apres-midi-contes-pour-les-ce1-ce2\/#breadcrumb\",\"itemListElement\":[{\"@type\":\"ListItem\",\"position\":1,\"name\":\"Accueil\",\"item\":\"https:\/\/saint-nazaire-sainte-marie-immaculee.fr\/\"},{\"@type\":\"ListItem\",\"position\":2,\"name\":\"Apr\u00e8s-midi contes pour les CE1-CE2\"}]},{\"@type\":\"WebSite\",\"@id\":\"https:\/\/saint-nazaire-sainte-marie-immaculee.fr\/#website\",\"url\":\"https:\/\/saint-nazaire-sainte-marie-immaculee.fr\/\",\"name\":\"Ecole Sainte Marie de l&#039;Immacul\u00e9e Saint Nazaire\",\"description\":\"\",\"potentialAction\":[{\"@type\":\"SearchAction\",\"target\":{\"@type\":\"EntryPoint\",\"urlTemplate\":\"https:\/\/saint-nazaire-sainte-marie-immaculee.fr\/?s={search_term_string}\"},\"query-input\":{\"@type\":\"PropertyValueSpecification\",\"valueRequired\":true,\"valueName\":\"search_term_string\"}}],\"inLanguage\":\"fr-FR\"},{\"@type\":\"Person\",\"@id\":\"https:\/\/saint-nazaire-sainte-marie-immaculee.fr\/#\/schema\/person\/1fda96df955e43b9e4f572982947aa35\",\"name\":\"classe de CE1\",\"image\":{\"@type\":\"ImageObject\",\"inLanguage\":\"fr-FR\",\"@id\":\"https:\/\/saint-nazaire-sainte-marie-immaculee.fr\/#\/schema\/person\/image\/\",\"url\":\"https:\/\/secure.gravatar.com\/avatar\/25d489a70ac63d5c280b5fe12e632ee7?s=96&d=mm&r=g\",\"contentUrl\":\"https:\/\/secure.gravatar.com\/avatar\/25d489a70ac63d5c280b5fe12e632ee7?s=96&d=mm&r=g\",\"caption\":\"classe de CE1\"},\"url\":\"https:\/\/saint-nazaire-sainte-marie-immaculee.fr\/index.php\/author\/ce\/\"}]}<\/script>\n<!-- \/ Yoast SEO plugin. -->","yoast_head_json":{"title":"Apr\u00e8s-midi contes pour les CE1-CE2 - Ecole Sainte Marie de l&#039;Immacul\u00e9e Saint Nazaire","robots":{"index":"index","follow":"follow","max-snippet":"max-snippet:-1","max-image-preview":"max-image-preview:large","max-video-preview":"max-video-preview:-1"},"canonical":"https:\/\/saint-nazaire-sainte-marie-immaculee.fr\/index.php\/2022\/03\/06\/apres-midi-contes-pour-les-ce1-ce2\/","og_locale":"fr_FR","og_type":"article","og_title":"Apr\u00e8s-midi contes pour les CE1-CE2 - Ecole Sainte Marie de l&#039;Immacul\u00e9e Saint Nazaire","og_description":"Afin de pr\u00e9parer leur voyage scolaire\u00a0\u00bb Contes, l\u00e9gendes et biodiversit\u00e9\u00a0\u00bb en for\u00eat de Broc\u00e9liande et dans le cadre du projet \u00e9co-\u00e9cole, les classes de CE1 et CE2 ont invit\u00e9 la conteuse Dominique de la compagnie Mano&amp;Co \u00e0 venir conter \u00e0 l&rsquo;\u00e9cole devant les \u00e9l\u00e8ves le lundi 28 janvier. Utilisant, masques, d\u00e9guisements, figurines de papier,&#8230; DominiqueLire la suite","og_url":"https:\/\/saint-nazaire-sainte-marie-immaculee.fr\/index.php\/2022\/03\/06\/apres-midi-contes-pour-les-ce1-ce2\/","og_site_name":"Ecole Sainte Marie de l&#039;Immacul\u00e9e Saint Nazaire","article_publisher":"https:\/\/www.facebook.com\/ecolesaintemarieimmaculeesaintnazaire","article_published_time":"2022-03-06T09:57:14+00:00","og_image":[{"url":"https:\/\/saint-nazaire-sainte-marie-immaculee.fr\/wp-content\/uploads\/2022\/03\/conteuse-4-150x150.jpg"}],"author":"classe de CE1","twitter_card":"summary_large_image","twitter_misc":{"\u00c9crit par":"classe de CE1","Dur\u00e9e de lecture estim\u00e9e":"1 minute"},"schema":{"@context":"https:\/\/schema.org","@graph":[{"@type":"WebPage","@id":"https:\/\/saint-nazaire-sainte-marie-immaculee.fr\/index.php\/2022\/03\/06\/apres-midi-contes-pour-les-ce1-ce2\/","url":"https:\/\/saint-nazaire-sainte-marie-immaculee.fr\/index.php\/2022\/03\/06\/apres-midi-contes-pour-les-ce1-ce2\/","name":"Apr\u00e8s-midi contes pour les CE1-CE2 - Ecole Sainte Marie de l&#039;Immacul\u00e9e Saint Nazaire","isPartOf":{"@id":"https:\/\/saint-nazaire-sainte-marie-immaculee.fr\/#website"},"datePublished":"2022-03-06T09:57:14+00:00","dateModified":"2022-03-06T09:57:14+00:00","author":{"@id":"https:\/\/saint-nazaire-sainte-marie-immaculee.fr\/#\/schema\/person\/1fda96df955e43b9e4f572982947aa35"},"breadcrumb":{"@id":"https:\/\/saint-nazaire-sainte-marie-immaculee.fr\/index.php\/2022\/03\/06\/apres-midi-contes-pour-les-ce1-ce2\/#breadcrumb"},"inLanguage":"fr-FR","potentialAction":[{"@type":"ReadAction","target":["https:\/\/saint-nazaire-sainte-marie-immaculee.fr\/index.php\/2022\/03\/06\/apres-midi-contes-pour-les-ce1-ce2\/"]}]},{"@type":"BreadcrumbList","@id":"https:\/\/saint-nazaire-sainte-marie-immaculee.fr\/index.php\/2022\/03\/06\/apres-midi-contes-pour-les-ce1-ce2\/#breadcrumb","itemListElement":[{"@type":"ListItem","position":1,"name":"Accueil","item":"https:\/\/saint-nazaire-sainte-marie-immaculee.fr\/"},{"@type":"ListItem","position":2,"name":"Apr\u00e8s-midi contes pour les CE1-CE2"}]},{"@type":"WebSite","@id":"https:\/\/saint-nazaire-sainte-marie-immaculee.fr\/#website","url":"https:\/\/saint-nazaire-sainte-marie-immaculee.fr\/","name":"Ecole Sainte Marie de l&#039;Immacul\u00e9e Saint Nazaire","description":"","potentialAction":[{"@type":"SearchAction","target":{"@type":"EntryPoint","urlTemplate":"https:\/\/saint-nazaire-sainte-marie-immaculee.fr\/?s={search_term_string}"},"query-input":{"@type":"PropertyValueSpecification","valueRequired":true,"valueName":"search_term_string"}}],"inLanguage":"fr-FR"},{"@type":"Person","@id":"https:\/\/saint-nazaire-sainte-marie-immaculee.fr\/#\/schema\/person\/1fda96df955e43b9e4f572982947aa35","name":"classe de CE1","image":{"@type":"ImageObject","inLanguage":"fr-FR","@id":"https:\/\/saint-nazaire-sainte-marie-immaculee.fr\/#\/schema\/person\/image\/","url":"https:\/\/secure.gravatar.com\/avatar\/25d489a70ac63d5c280b5fe12e632ee7?s=96&d=mm&r=g","contentUrl":"https:\/\/secure.gravatar.com\/avatar\/25d489a70ac63d5c280b5fe12e632ee7?s=96&d=mm&r=g","caption":"classe de CE1"},"url":"https:\/\/saint-nazaire-sainte-marie-immaculee.fr\/index.php\/author\/ce\/"}]}},"_links":{"self":[{"href":"https:\/\/saint-nazaire-sainte-marie-immaculee.fr\/index.php\/wp-json\/wp\/v2\/posts\/2981"}],"collection":[{"href":"https:\/\/saint-nazaire-sainte-marie-immaculee.fr\/index.php\/wp-json\/wp\/v2\/posts"}],"about":[{"href":"https:\/\/saint-nazaire-sainte-marie-immaculee.fr\/index.php\/wp-json\/wp\/v2\/types\/post"}],"author":[{"embeddable":true,"href":"https:\/\/saint-nazaire-sainte-marie-immaculee.fr\/index.php\/wp-json\/wp\/v2\/users\/3"}],"replies":[{"embeddable":true,"href":"https:\/\/saint-nazaire-sainte-marie-immaculee.fr\/index.php\/wp-json\/wp\/v2\/comments?post=2981"}],"version-history":[{"count":2,"href":"https:\/\/saint-nazaire-sainte-marie-immaculee.fr\/index.php\/wp-json\/wp\/v2\/posts\/2981\/revisions"}],"predecessor-version":[{"id":2984,"href":"https:\/\/saint-nazaire-sainte-marie-immaculee.fr\/index.php\/wp-json\/wp\/v2\/posts\/2981\/revisions\/2984"}],"wp:attachment":[{"href":"https:\/\/saint-nazaire-sainte-marie-immaculee.fr\/index.php\/wp-json\/wp\/v2\/media?parent=2981"}],"wp:term":[{"taxonomy":"category","embeddable":true,"href":"https:\/\/saint-nazaire-sainte-marie-immaculee.fr\/index.php\/wp-json\/wp\/v2\/categories?post=2981"},{"taxonomy":"post_tag","embeddable":true,"href":"https:\/\/saint-nazaire-sainte-marie-immaculee.fr\/index.php\/wp-json\/wp\/v2\/tags?post=2981"}],"curies":[{"name":"wp","href":"https:\/\/api.w.org\/{rel}","templated":true}]}}