{"id":3463,"date":"2023-05-05T14:08:36","date_gmt":"2023-05-05T12:08:36","guid":{"rendered":"https:\/\/saint-nazaire-sainte-marie-immaculee.fr\/?p=3463"},"modified":"2023-05-05T14:08:36","modified_gmt":"2023-05-05T12:08:36","slug":"lancement-du-cycle-daviron-en-cm1","status":"publish","type":"post","link":"https:\/\/saint-nazaire-sainte-marie-immaculee.fr\/index.php\/2023\/05\/05\/lancement-du-cycle-daviron-en-cm1\/","title":{"rendered":"Lancement du cycle d&rsquo;aviron en CM1"},"content":{"rendered":"<p>Les \u00e9l\u00e8ves de la classe de CM1 ont eu leur premi\u00e8re s\u00e9ance d&rsquo;aviron sur l&rsquo;\u00e9tang du Bois Joalland le jeudi 4 mai.<\/p>\n<p><img loading=\"lazy\" decoding=\"async\" class=\"size-medium wp-image-3464 aligncenter\" src=\"https:\/\/saint-nazaire-sainte-marie-immaculee.fr\/wp-content\/uploads\/2023\/05\/IMG_7604-1-300x225.jpg\" alt=\"\" width=\"300\" height=\"225\" srcset=\"https:\/\/saint-nazaire-sainte-marie-immaculee.fr\/wp-content\/uploads\/2023\/05\/IMG_7604-1-300x225.jpg 300w, https:\/\/saint-nazaire-sainte-marie-immaculee.fr\/wp-content\/uploads\/2023\/05\/IMG_7604-1-1024x768.jpg 1024w, https:\/\/saint-nazaire-sainte-marie-immaculee.fr\/wp-content\/uploads\/2023\/05\/IMG_7604-1-768x576.jpg 768w, https:\/\/saint-nazaire-sainte-marie-immaculee.fr\/wp-content\/uploads\/2023\/05\/IMG_7604-1-1536x1152.jpg 1536w, https:\/\/saint-nazaire-sainte-marie-immaculee.fr\/wp-content\/uploads\/2023\/05\/IMG_7604-1.jpg 2016w\" sizes=\"(max-width: 300px) 100vw, 300px\" \/><\/p>\n<p style=\"text-align: justify;\">Apr\u00e8s quelques minutes pour apprendre le geste sur les rameurs, chacun a pu d\u00e9couvrir le plaisir mais aussi la difficult\u00e9 de cette activit\u00e9. Bravo \u00e0 tous les \u00e9l\u00e8ves pour leur pers\u00e9v\u00e9rance, tous ont fait une excellente premi\u00e8re s\u00e9ance ! C&rsquo;est parti pour 10 s\u00e9ances !<\/p>\n<p><img loading=\"lazy\" decoding=\"async\" class=\"size-medium wp-image-3465 aligncenter\" src=\"https:\/\/saint-nazaire-sainte-marie-immaculee.fr\/wp-content\/uploads\/2023\/05\/IMG_7605-300x225.jpg\" alt=\"\" width=\"300\" height=\"225\" srcset=\"https:\/\/saint-nazaire-sainte-marie-immaculee.fr\/wp-content\/uploads\/2023\/05\/IMG_7605-300x225.jpg 300w, https:\/\/saint-nazaire-sainte-marie-immaculee.fr\/wp-content\/uploads\/2023\/05\/IMG_7605-1024x768.jpg 1024w, https:\/\/saint-nazaire-sainte-marie-immaculee.fr\/wp-content\/uploads\/2023\/05\/IMG_7605-768x576.jpg 768w, https:\/\/saint-nazaire-sainte-marie-immaculee.fr\/wp-content\/uploads\/2023\/05\/IMG_7605-1536x1152.jpg 1536w, https:\/\/saint-nazaire-sainte-marie-immaculee.fr\/wp-content\/uploads\/2023\/05\/IMG_7605.jpg 2016w\" sizes=\"(max-width: 300px) 100vw, 300px\" \/><\/p>\n","protected":false},"excerpt":{"rendered":"<p>Les \u00e9l\u00e8ves de la classe de CM1 ont eu leur premi\u00e8re s\u00e9ance d&rsquo;aviron sur l&rsquo;\u00e9tang du Bois Joalland le jeudi 4 mai. Apr\u00e8s quelques minutes pour apprendre le geste sur les rameurs, chacun a pu d\u00e9couvrir le plaisir mais aussi la difficult\u00e9 de cette activit\u00e9. Bravo \u00e0 tous les \u00e9l\u00e8ves pour leur pers\u00e9v\u00e9rance, tous ont<\/p>\n<p><a href=\"https:\/\/saint-nazaire-sainte-marie-immaculee.fr\/index.php\/2023\/05\/05\/lancement-du-cycle-daviron-en-cm1\/\" class=\"more-link themebutton\">Lire la suite<\/a><\/p>\n","protected":false},"author":9,"featured_media":0,"comment_status":"closed","ping_status":"closed","sticky":false,"template":"","format":"standard","meta":{"ngg_post_thumbnail":0,"footnotes":""},"categories":[12,10],"tags":[],"yoast_head":"<!-- This site is optimized with the Yoast SEO plugin v23.5 - https:\/\/yoast.com\/wordpress\/plugins\/seo\/ -->\n<title>Lancement du cycle d&#039;aviron en CM1 - Ecole Sainte Marie de l&#039;Immacul\u00e9e Saint Nazaire<\/title>\n<meta name=\"robots\" content=\"index, follow, max-snippet:-1, max-image-preview:large, max-video-preview:-1\" \/>\n<link rel=\"canonical\" href=\"https:\/\/saint-nazaire-sainte-marie-immaculee.fr\/index.php\/2023\/05\/05\/lancement-du-cycle-daviron-en-cm1\/\" \/>\n<meta property=\"og:locale\" content=\"fr_FR\" \/>\n<meta property=\"og:type\" content=\"article\" \/>\n<meta property=\"og:title\" content=\"Lancement du cycle d&#039;aviron en CM1 - Ecole Sainte Marie de l&#039;Immacul\u00e9e Saint Nazaire\" \/>\n<meta property=\"og:description\" content=\"Les \u00e9l\u00e8ves de la classe de CM1 ont eu leur premi\u00e8re s\u00e9ance d&rsquo;aviron sur l&rsquo;\u00e9tang du Bois Joalland le jeudi 4 mai. Apr\u00e8s quelques minutes pour apprendre le geste sur les rameurs, chacun a pu d\u00e9couvrir le plaisir mais aussi la difficult\u00e9 de cette activit\u00e9. Bravo \u00e0 tous les \u00e9l\u00e8ves pour leur pers\u00e9v\u00e9rance, tous ontLire la suite\" \/>\n<meta property=\"og:url\" content=\"https:\/\/saint-nazaire-sainte-marie-immaculee.fr\/index.php\/2023\/05\/05\/lancement-du-cycle-daviron-en-cm1\/\" \/>\n<meta property=\"og:site_name\" content=\"Ecole Sainte Marie de l&#039;Immacul\u00e9e Saint Nazaire\" \/>\n<meta property=\"article:publisher\" content=\"https:\/\/www.facebook.com\/ecolesaintemarieimmaculeesaintnazaire\" \/>\n<meta property=\"article:published_time\" content=\"2023-05-05T12:08:36+00:00\" \/>\n<meta property=\"og:image\" content=\"https:\/\/saint-nazaire-sainte-marie-immaculee.fr\/wp-content\/uploads\/2023\/05\/IMG_7604-1-300x225.jpg\" \/>\n<meta name=\"author\" content=\"Classe de CM1\" \/>\n<meta name=\"twitter:card\" content=\"summary_large_image\" \/>\n<meta name=\"twitter:label1\" content=\"\u00c9crit par\" \/>\n\t<meta name=\"twitter:data1\" content=\"Classe de CM1\" \/>\n\t<meta name=\"twitter:label2\" content=\"Dur\u00e9e de lecture estim\u00e9e\" \/>\n\t<meta name=\"twitter:data2\" content=\"1 minute\" \/>\n<script type=\"application\/ld+json\" class=\"yoast-schema-graph\">{\"@context\":\"https:\/\/schema.org\",\"@graph\":[{\"@type\":\"WebPage\",\"@id\":\"https:\/\/saint-nazaire-sainte-marie-immaculee.fr\/index.php\/2023\/05\/05\/lancement-du-cycle-daviron-en-cm1\/\",\"url\":\"https:\/\/saint-nazaire-sainte-marie-immaculee.fr\/index.php\/2023\/05\/05\/lancement-du-cycle-daviron-en-cm1\/\",\"name\":\"Lancement du cycle d'aviron en CM1 - Ecole Sainte Marie de l&#039;Immacul\u00e9e Saint Nazaire\",\"isPartOf\":{\"@id\":\"https:\/\/saint-nazaire-sainte-marie-immaculee.fr\/#website\"},\"primaryImageOfPage\":{\"@id\":\"https:\/\/saint-nazaire-sainte-marie-immaculee.fr\/index.php\/2023\/05\/05\/lancement-du-cycle-daviron-en-cm1\/#primaryimage\"},\"image\":{\"@id\":\"https:\/\/saint-nazaire-sainte-marie-immaculee.fr\/index.php\/2023\/05\/05\/lancement-du-cycle-daviron-en-cm1\/#primaryimage\"},\"thumbnailUrl\":\"https:\/\/saint-nazaire-sainte-marie-immaculee.fr\/wp-content\/uploads\/2023\/05\/IMG_7604-1-300x225.jpg\",\"datePublished\":\"2023-05-05T12:08:36+00:00\",\"dateModified\":\"2023-05-05T12:08:36+00:00\",\"author\":{\"@id\":\"https:\/\/saint-nazaire-sainte-marie-immaculee.fr\/#\/schema\/person\/1f811d5f28b700c483bb1e2b16a3b3e3\"},\"breadcrumb\":{\"@id\":\"https:\/\/saint-nazaire-sainte-marie-immaculee.fr\/index.php\/2023\/05\/05\/lancement-du-cycle-daviron-en-cm1\/#breadcrumb\"},\"inLanguage\":\"fr-FR\",\"potentialAction\":[{\"@type\":\"ReadAction\",\"target\":[\"https:\/\/saint-nazaire-sainte-marie-immaculee.fr\/index.php\/2023\/05\/05\/lancement-du-cycle-daviron-en-cm1\/\"]}]},{\"@type\":\"ImageObject\",\"inLanguage\":\"fr-FR\",\"@id\":\"https:\/\/saint-nazaire-sainte-marie-immaculee.fr\/index.php\/2023\/05\/05\/lancement-du-cycle-daviron-en-cm1\/#primaryimage\",\"url\":\"https:\/\/saint-nazaire-sainte-marie-immaculee.fr\/wp-content\/uploads\/2023\/05\/IMG_7604-1.jpg\",\"contentUrl\":\"https:\/\/saint-nazaire-sainte-marie-immaculee.fr\/wp-content\/uploads\/2023\/05\/IMG_7604-1.jpg\",\"width\":2016,\"height\":1512},{\"@type\":\"BreadcrumbList\",\"@id\":\"https:\/\/saint-nazaire-sainte-marie-immaculee.fr\/index.php\/2023\/05\/05\/lancement-du-cycle-daviron-en-cm1\/#breadcrumb\",\"itemListElement\":[{\"@type\":\"ListItem\",\"position\":1,\"name\":\"Accueil\",\"item\":\"https:\/\/saint-nazaire-sainte-marie-immaculee.fr\/\"},{\"@type\":\"ListItem\",\"position\":2,\"name\":\"Lancement du cycle d&#8217;aviron en CM1\"}]},{\"@type\":\"WebSite\",\"@id\":\"https:\/\/saint-nazaire-sainte-marie-immaculee.fr\/#website\",\"url\":\"https:\/\/saint-nazaire-sainte-marie-immaculee.fr\/\",\"name\":\"Ecole Sainte Marie de l&#039;Immacul\u00e9e Saint Nazaire\",\"description\":\"\",\"potentialAction\":[{\"@type\":\"SearchAction\",\"target\":{\"@type\":\"EntryPoint\",\"urlTemplate\":\"https:\/\/saint-nazaire-sainte-marie-immaculee.fr\/?s={search_term_string}\"},\"query-input\":{\"@type\":\"PropertyValueSpecification\",\"valueRequired\":true,\"valueName\":\"search_term_string\"}}],\"inLanguage\":\"fr-FR\"},{\"@type\":\"Person\",\"@id\":\"https:\/\/saint-nazaire-sainte-marie-immaculee.fr\/#\/schema\/person\/1f811d5f28b700c483bb1e2b16a3b3e3\",\"name\":\"Classe de CM1\",\"image\":{\"@type\":\"ImageObject\",\"inLanguage\":\"fr-FR\",\"@id\":\"https:\/\/saint-nazaire-sainte-marie-immaculee.fr\/#\/schema\/person\/image\/\",\"url\":\"https:\/\/secure.gravatar.com\/avatar\/43331db1d4a82324498062ef85fe189e?s=96&d=mm&r=g\",\"contentUrl\":\"https:\/\/secure.gravatar.com\/avatar\/43331db1d4a82324498062ef85fe189e?s=96&d=mm&r=g\",\"caption\":\"Classe de CM1\"},\"url\":\"https:\/\/saint-nazaire-sainte-marie-immaculee.fr\/index.php\/author\/vpayraudeau\/\"}]}<\/script>\n<!-- \/ Yoast SEO plugin. -->","yoast_head_json":{"title":"Lancement du cycle d'aviron en CM1 - Ecole Sainte Marie de l&#039;Immacul\u00e9e Saint Nazaire","robots":{"index":"index","follow":"follow","max-snippet":"max-snippet:-1","max-image-preview":"max-image-preview:large","max-video-preview":"max-video-preview:-1"},"canonical":"https:\/\/saint-nazaire-sainte-marie-immaculee.fr\/index.php\/2023\/05\/05\/lancement-du-cycle-daviron-en-cm1\/","og_locale":"fr_FR","og_type":"article","og_title":"Lancement du cycle d'aviron en CM1 - Ecole Sainte Marie de l&#039;Immacul\u00e9e Saint Nazaire","og_description":"Les \u00e9l\u00e8ves de la classe de CM1 ont eu leur premi\u00e8re s\u00e9ance d&rsquo;aviron sur l&rsquo;\u00e9tang du Bois Joalland le jeudi 4 mai. Apr\u00e8s quelques minutes pour apprendre le geste sur les rameurs, chacun a pu d\u00e9couvrir le plaisir mais aussi la difficult\u00e9 de cette activit\u00e9. Bravo \u00e0 tous les \u00e9l\u00e8ves pour leur pers\u00e9v\u00e9rance, tous ontLire la suite","og_url":"https:\/\/saint-nazaire-sainte-marie-immaculee.fr\/index.php\/2023\/05\/05\/lancement-du-cycle-daviron-en-cm1\/","og_site_name":"Ecole Sainte Marie de l&#039;Immacul\u00e9e Saint Nazaire","article_publisher":"https:\/\/www.facebook.com\/ecolesaintemarieimmaculeesaintnazaire","article_published_time":"2023-05-05T12:08:36+00:00","og_image":[{"url":"https:\/\/saint-nazaire-sainte-marie-immaculee.fr\/wp-content\/uploads\/2023\/05\/IMG_7604-1-300x225.jpg"}],"author":"Classe de CM1","twitter_card":"summary_large_image","twitter_misc":{"\u00c9crit par":"Classe de CM1","Dur\u00e9e de lecture estim\u00e9e":"1 minute"},"schema":{"@context":"https:\/\/schema.org","@graph":[{"@type":"WebPage","@id":"https:\/\/saint-nazaire-sainte-marie-immaculee.fr\/index.php\/2023\/05\/05\/lancement-du-cycle-daviron-en-cm1\/","url":"https:\/\/saint-nazaire-sainte-marie-immaculee.fr\/index.php\/2023\/05\/05\/lancement-du-cycle-daviron-en-cm1\/","name":"Lancement du cycle d'aviron en CM1 - Ecole Sainte Marie de l&#039;Immacul\u00e9e Saint Nazaire","isPartOf":{"@id":"https:\/\/saint-nazaire-sainte-marie-immaculee.fr\/#website"},"primaryImageOfPage":{"@id":"https:\/\/saint-nazaire-sainte-marie-immaculee.fr\/index.php\/2023\/05\/05\/lancement-du-cycle-daviron-en-cm1\/#primaryimage"},"image":{"@id":"https:\/\/saint-nazaire-sainte-marie-immaculee.fr\/index.php\/2023\/05\/05\/lancement-du-cycle-daviron-en-cm1\/#primaryimage"},"thumbnailUrl":"https:\/\/saint-nazaire-sainte-marie-immaculee.fr\/wp-content\/uploads\/2023\/05\/IMG_7604-1-300x225.jpg","datePublished":"2023-05-05T12:08:36+00:00","dateModified":"2023-05-05T12:08:36+00:00","author":{"@id":"https:\/\/saint-nazaire-sainte-marie-immaculee.fr\/#\/schema\/person\/1f811d5f28b700c483bb1e2b16a3b3e3"},"breadcrumb":{"@id":"https:\/\/saint-nazaire-sainte-marie-immaculee.fr\/index.php\/2023\/05\/05\/lancement-du-cycle-daviron-en-cm1\/#breadcrumb"},"inLanguage":"fr-FR","potentialAction":[{"@type":"ReadAction","target":["https:\/\/saint-nazaire-sainte-marie-immaculee.fr\/index.php\/2023\/05\/05\/lancement-du-cycle-daviron-en-cm1\/"]}]},{"@type":"ImageObject","inLanguage":"fr-FR","@id":"https:\/\/saint-nazaire-sainte-marie-immaculee.fr\/index.php\/2023\/05\/05\/lancement-du-cycle-daviron-en-cm1\/#primaryimage","url":"https:\/\/saint-nazaire-sainte-marie-immaculee.fr\/wp-content\/uploads\/2023\/05\/IMG_7604-1.jpg","contentUrl":"https:\/\/saint-nazaire-sainte-marie-immaculee.fr\/wp-content\/uploads\/2023\/05\/IMG_7604-1.jpg","width":2016,"height":1512},{"@type":"BreadcrumbList","@id":"https:\/\/saint-nazaire-sainte-marie-immaculee.fr\/index.php\/2023\/05\/05\/lancement-du-cycle-daviron-en-cm1\/#breadcrumb","itemListElement":[{"@type":"ListItem","position":1,"name":"Accueil","item":"https:\/\/saint-nazaire-sainte-marie-immaculee.fr\/"},{"@type":"ListItem","position":2,"name":"Lancement du cycle d&#8217;aviron en CM1"}]},{"@type":"WebSite","@id":"https:\/\/saint-nazaire-sainte-marie-immaculee.fr\/#website","url":"https:\/\/saint-nazaire-sainte-marie-immaculee.fr\/","name":"Ecole Sainte Marie de l&#039;Immacul\u00e9e Saint Nazaire","description":"","potentialAction":[{"@type":"SearchAction","target":{"@type":"EntryPoint","urlTemplate":"https:\/\/saint-nazaire-sainte-marie-immaculee.fr\/?s={search_term_string}"},"query-input":{"@type":"PropertyValueSpecification","valueRequired":true,"valueName":"search_term_string"}}],"inLanguage":"fr-FR"},{"@type":"Person","@id":"https:\/\/saint-nazaire-sainte-marie-immaculee.fr\/#\/schema\/person\/1f811d5f28b700c483bb1e2b16a3b3e3","name":"Classe de CM1","image":{"@type":"ImageObject","inLanguage":"fr-FR","@id":"https:\/\/saint-nazaire-sainte-marie-immaculee.fr\/#\/schema\/person\/image\/","url":"https:\/\/secure.gravatar.com\/avatar\/43331db1d4a82324498062ef85fe189e?s=96&d=mm&r=g","contentUrl":"https:\/\/secure.gravatar.com\/avatar\/43331db1d4a82324498062ef85fe189e?s=96&d=mm&r=g","caption":"Classe de CM1"},"url":"https:\/\/saint-nazaire-sainte-marie-immaculee.fr\/index.php\/author\/vpayraudeau\/"}]}},"_links":{"self":[{"href":"https:\/\/saint-nazaire-sainte-marie-immaculee.fr\/index.php\/wp-json\/wp\/v2\/posts\/3463"}],"collection":[{"href":"https:\/\/saint-nazaire-sainte-marie-immaculee.fr\/index.php\/wp-json\/wp\/v2\/posts"}],"about":[{"href":"https:\/\/saint-nazaire-sainte-marie-immaculee.fr\/index.php\/wp-json\/wp\/v2\/types\/post"}],"author":[{"embeddable":true,"href":"https:\/\/saint-nazaire-sainte-marie-immaculee.fr\/index.php\/wp-json\/wp\/v2\/users\/9"}],"replies":[{"embeddable":true,"href":"https:\/\/saint-nazaire-sainte-marie-immaculee.fr\/index.php\/wp-json\/wp\/v2\/comments?post=3463"}],"version-history":[{"count":1,"href":"https:\/\/saint-nazaire-sainte-marie-immaculee.fr\/index.php\/wp-json\/wp\/v2\/posts\/3463\/revisions"}],"predecessor-version":[{"id":3466,"href":"https:\/\/saint-nazaire-sainte-marie-immaculee.fr\/index.php\/wp-json\/wp\/v2\/posts\/3463\/revisions\/3466"}],"wp:attachment":[{"href":"https:\/\/saint-nazaire-sainte-marie-immaculee.fr\/index.php\/wp-json\/wp\/v2\/media?parent=3463"}],"wp:term":[{"taxonomy":"category","embeddable":true,"href":"https:\/\/saint-nazaire-sainte-marie-immaculee.fr\/index.php\/wp-json\/wp\/v2\/categories?post=3463"},{"taxonomy":"post_tag","embeddable":true,"href":"https:\/\/saint-nazaire-sainte-marie-immaculee.fr\/index.php\/wp-json\/wp\/v2\/tags?post=3463"}],"curies":[{"name":"wp","href":"https:\/\/api.w.org\/{rel}","templated":true}]}}