{"id":4033,"date":"2025-01-16T18:50:33","date_gmt":"2025-01-16T17:50:33","guid":{"rendered":"https:\/\/saint-nazaire-sainte-marie-immaculee.fr\/?p=4033"},"modified":"2025-02-12T23:00:34","modified_gmt":"2025-02-12T22:00:34","slug":"arrivee-de-charlie-dalin","status":"publish","type":"post","link":"https:\/\/saint-nazaire-sainte-marie-immaculee.fr\/index.php\/2025\/01\/16\/arrivee-de-charlie-dalin\/","title":{"rendered":"Arriv\u00e9e de Charlie Dalin"},"content":{"rendered":"<p style=\"padding-left: 40px;\"><span style=\"font-family: verdana, geneva, sans-serif; color: #0000ff;\">Depuis novembre, les CE2 suivent la course du Vend\u00e9e Globe et invitent r\u00e9guli\u00e8rement les GS dans leur classe pour visionner des vid\u00e9os des skippers. <\/span><\/p>\n<p><span style=\"font-family: verdana, geneva, sans-serif; color: #0000ff;\">Ce mardi, c&rsquo;est avec joie que les \u00e9l\u00e8ves ont pu regarder Charlie Dalin franchir la ligne d&rsquo;arriv\u00e9e de la course, remonter le chenal et brandir la coupe du Vend\u00e9e Globe.\u00a0<\/span><\/p>\n<p><span style=\"font-family: verdana, geneva, sans-serif; color: #0000ff;\">Bravo Charlie!<\/span><\/p>\n<p>&nbsp;<\/p>\n<p><img loading=\"lazy\" decoding=\"async\" class=\"alignnone size-full wp-image-4084\" src=\"https:\/\/saint-nazaire-sainte-marie-immaculee.fr\/wp-content\/uploads\/2025\/01\/20250123_093927.jpg\" alt=\"\" width=\"1610\" height=\"1504\" srcset=\"https:\/\/saint-nazaire-sainte-marie-immaculee.fr\/wp-content\/uploads\/2025\/01\/20250123_093927.jpg 1610w, https:\/\/saint-nazaire-sainte-marie-immaculee.fr\/wp-content\/uploads\/2025\/01\/20250123_093927-300x280.jpg 300w, https:\/\/saint-nazaire-sainte-marie-immaculee.fr\/wp-content\/uploads\/2025\/01\/20250123_093927-1024x957.jpg 1024w, https:\/\/saint-nazaire-sainte-marie-immaculee.fr\/wp-content\/uploads\/2025\/01\/20250123_093927-768x717.jpg 768w, https:\/\/saint-nazaire-sainte-marie-immaculee.fr\/wp-content\/uploads\/2025\/01\/20250123_093927-1536x1435.jpg 1536w\" sizes=\"(max-width: 1610px) 100vw, 1610px\" \/><\/p>\n","protected":false},"excerpt":{"rendered":"<p>Depuis novembre, les CE2 suivent la course du Vend\u00e9e Globe et invitent r\u00e9guli\u00e8rement les GS dans leur classe pour visionner des vid\u00e9os des skippers. Ce mardi, c&rsquo;est avec joie que les \u00e9l\u00e8ves ont pu regarder Charlie Dalin franchir la ligne d&rsquo;arriv\u00e9e de la course, remonter le chenal et brandir la coupe du Vend\u00e9e Globe.\u00a0 Bravo<\/p>\n<p><a href=\"https:\/\/saint-nazaire-sainte-marie-immaculee.fr\/index.php\/2025\/01\/16\/arrivee-de-charlie-dalin\/\" class=\"more-link themebutton\">Lire la suite<\/a><\/p>\n","protected":false},"author":4,"featured_media":0,"comment_status":"closed","ping_status":"closed","sticky":false,"template":"","format":"standard","meta":{"ngg_post_thumbnail":0,"footnotes":""},"categories":[12,9],"tags":[],"yoast_head":"<!-- This site is optimized with the Yoast SEO plugin v23.5 - https:\/\/yoast.com\/wordpress\/plugins\/seo\/ -->\n<title>Arriv\u00e9e de Charlie Dalin - Ecole Sainte Marie de l&#039;Immacul\u00e9e Saint Nazaire<\/title>\n<meta name=\"robots\" content=\"index, follow, max-snippet:-1, max-image-preview:large, max-video-preview:-1\" \/>\n<link rel=\"canonical\" href=\"https:\/\/saint-nazaire-sainte-marie-immaculee.fr\/index.php\/2025\/01\/16\/arrivee-de-charlie-dalin\/\" \/>\n<meta property=\"og:locale\" content=\"fr_FR\" \/>\n<meta property=\"og:type\" content=\"article\" \/>\n<meta property=\"og:title\" content=\"Arriv\u00e9e de Charlie Dalin - Ecole Sainte Marie de l&#039;Immacul\u00e9e Saint Nazaire\" \/>\n<meta property=\"og:description\" content=\"Depuis novembre, les CE2 suivent la course du Vend\u00e9e Globe et invitent r\u00e9guli\u00e8rement les GS dans leur classe pour visionner des vid\u00e9os des skippers. Ce mardi, c&rsquo;est avec joie que les \u00e9l\u00e8ves ont pu regarder Charlie Dalin franchir la ligne d&rsquo;arriv\u00e9e de la course, remonter le chenal et brandir la coupe du Vend\u00e9e Globe.\u00a0 BravoLire la suite\" \/>\n<meta property=\"og:url\" content=\"https:\/\/saint-nazaire-sainte-marie-immaculee.fr\/index.php\/2025\/01\/16\/arrivee-de-charlie-dalin\/\" \/>\n<meta property=\"og:site_name\" content=\"Ecole Sainte Marie de l&#039;Immacul\u00e9e Saint Nazaire\" \/>\n<meta property=\"article:publisher\" content=\"https:\/\/www.facebook.com\/ecolesaintemarieimmaculeesaintnazaire\" \/>\n<meta property=\"article:published_time\" content=\"2025-01-16T17:50:33+00:00\" \/>\n<meta property=\"article:modified_time\" content=\"2025-02-12T22:00:34+00:00\" \/>\n<meta property=\"og:image\" content=\"https:\/\/saint-nazaire-sainte-marie-immaculee.fr\/wp-content\/uploads\/2025\/01\/20250123_093927.jpg\" \/>\n<meta name=\"author\" content=\"Classe de CE2 \/ CM1\" \/>\n<meta name=\"twitter:card\" content=\"summary_large_image\" \/>\n<meta name=\"twitter:label1\" content=\"\u00c9crit par\" \/>\n\t<meta name=\"twitter:data1\" content=\"Classe de CE2 \/ CM1\" \/>\n\t<meta name=\"twitter:label2\" content=\"Dur\u00e9e de lecture estim\u00e9e\" \/>\n\t<meta name=\"twitter:data2\" content=\"1 minute\" \/>\n<script type=\"application\/ld+json\" class=\"yoast-schema-graph\">{\"@context\":\"https:\/\/schema.org\",\"@graph\":[{\"@type\":\"WebPage\",\"@id\":\"https:\/\/saint-nazaire-sainte-marie-immaculee.fr\/index.php\/2025\/01\/16\/arrivee-de-charlie-dalin\/\",\"url\":\"https:\/\/saint-nazaire-sainte-marie-immaculee.fr\/index.php\/2025\/01\/16\/arrivee-de-charlie-dalin\/\",\"name\":\"Arriv\u00e9e de Charlie Dalin - Ecole Sainte Marie de l&#039;Immacul\u00e9e Saint Nazaire\",\"isPartOf\":{\"@id\":\"https:\/\/saint-nazaire-sainte-marie-immaculee.fr\/#website\"},\"primaryImageOfPage\":{\"@id\":\"https:\/\/saint-nazaire-sainte-marie-immaculee.fr\/index.php\/2025\/01\/16\/arrivee-de-charlie-dalin\/#primaryimage\"},\"image\":{\"@id\":\"https:\/\/saint-nazaire-sainte-marie-immaculee.fr\/index.php\/2025\/01\/16\/arrivee-de-charlie-dalin\/#primaryimage\"},\"thumbnailUrl\":\"https:\/\/saint-nazaire-sainte-marie-immaculee.fr\/wp-content\/uploads\/2025\/01\/20250123_093927.jpg\",\"datePublished\":\"2025-01-16T17:50:33+00:00\",\"dateModified\":\"2025-02-12T22:00:34+00:00\",\"author\":{\"@id\":\"https:\/\/saint-nazaire-sainte-marie-immaculee.fr\/#\/schema\/person\/9e5665db638120c5784ae4adb2023456\"},\"breadcrumb\":{\"@id\":\"https:\/\/saint-nazaire-sainte-marie-immaculee.fr\/index.php\/2025\/01\/16\/arrivee-de-charlie-dalin\/#breadcrumb\"},\"inLanguage\":\"fr-FR\",\"potentialAction\":[{\"@type\":\"ReadAction\",\"target\":[\"https:\/\/saint-nazaire-sainte-marie-immaculee.fr\/index.php\/2025\/01\/16\/arrivee-de-charlie-dalin\/\"]}]},{\"@type\":\"ImageObject\",\"inLanguage\":\"fr-FR\",\"@id\":\"https:\/\/saint-nazaire-sainte-marie-immaculee.fr\/index.php\/2025\/01\/16\/arrivee-de-charlie-dalin\/#primaryimage\",\"url\":\"https:\/\/saint-nazaire-sainte-marie-immaculee.fr\/wp-content\/uploads\/2025\/01\/20250123_093927.jpg\",\"contentUrl\":\"https:\/\/saint-nazaire-sainte-marie-immaculee.fr\/wp-content\/uploads\/2025\/01\/20250123_093927.jpg\",\"width\":1610,\"height\":1504},{\"@type\":\"BreadcrumbList\",\"@id\":\"https:\/\/saint-nazaire-sainte-marie-immaculee.fr\/index.php\/2025\/01\/16\/arrivee-de-charlie-dalin\/#breadcrumb\",\"itemListElement\":[{\"@type\":\"ListItem\",\"position\":1,\"name\":\"Accueil\",\"item\":\"https:\/\/saint-nazaire-sainte-marie-immaculee.fr\/\"},{\"@type\":\"ListItem\",\"position\":2,\"name\":\"Arriv\u00e9e de Charlie Dalin\"}]},{\"@type\":\"WebSite\",\"@id\":\"https:\/\/saint-nazaire-sainte-marie-immaculee.fr\/#website\",\"url\":\"https:\/\/saint-nazaire-sainte-marie-immaculee.fr\/\",\"name\":\"Ecole Sainte Marie de l&#039;Immacul\u00e9e Saint Nazaire\",\"description\":\"\",\"potentialAction\":[{\"@type\":\"SearchAction\",\"target\":{\"@type\":\"EntryPoint\",\"urlTemplate\":\"https:\/\/saint-nazaire-sainte-marie-immaculee.fr\/?s={search_term_string}\"},\"query-input\":{\"@type\":\"PropertyValueSpecification\",\"valueRequired\":true,\"valueName\":\"search_term_string\"}}],\"inLanguage\":\"fr-FR\"},{\"@type\":\"Person\",\"@id\":\"https:\/\/saint-nazaire-sainte-marie-immaculee.fr\/#\/schema\/person\/9e5665db638120c5784ae4adb2023456\",\"name\":\"Classe de CE2 \/ CM1\",\"image\":{\"@type\":\"ImageObject\",\"inLanguage\":\"fr-FR\",\"@id\":\"https:\/\/saint-nazaire-sainte-marie-immaculee.fr\/#\/schema\/person\/image\/\",\"url\":\"https:\/\/secure.gravatar.com\/avatar\/5ec38d5c60ed21032e593e51d7056b4b?s=96&d=mm&r=g\",\"contentUrl\":\"https:\/\/secure.gravatar.com\/avatar\/5ec38d5c60ed21032e593e51d7056b4b?s=96&d=mm&r=g\",\"caption\":\"Classe de CE2 \/ CM1\"},\"url\":\"https:\/\/saint-nazaire-sainte-marie-immaculee.fr\/index.php\/author\/ccourdier\/\"}]}<\/script>\n<!-- \/ Yoast SEO plugin. -->","yoast_head_json":{"title":"Arriv\u00e9e de Charlie Dalin - Ecole Sainte Marie de l&#039;Immacul\u00e9e Saint Nazaire","robots":{"index":"index","follow":"follow","max-snippet":"max-snippet:-1","max-image-preview":"max-image-preview:large","max-video-preview":"max-video-preview:-1"},"canonical":"https:\/\/saint-nazaire-sainte-marie-immaculee.fr\/index.php\/2025\/01\/16\/arrivee-de-charlie-dalin\/","og_locale":"fr_FR","og_type":"article","og_title":"Arriv\u00e9e de Charlie Dalin - Ecole Sainte Marie de l&#039;Immacul\u00e9e Saint Nazaire","og_description":"Depuis novembre, les CE2 suivent la course du Vend\u00e9e Globe et invitent r\u00e9guli\u00e8rement les GS dans leur classe pour visionner des vid\u00e9os des skippers. Ce mardi, c&rsquo;est avec joie que les \u00e9l\u00e8ves ont pu regarder Charlie Dalin franchir la ligne d&rsquo;arriv\u00e9e de la course, remonter le chenal et brandir la coupe du Vend\u00e9e Globe.\u00a0 BravoLire la suite","og_url":"https:\/\/saint-nazaire-sainte-marie-immaculee.fr\/index.php\/2025\/01\/16\/arrivee-de-charlie-dalin\/","og_site_name":"Ecole Sainte Marie de l&#039;Immacul\u00e9e Saint Nazaire","article_publisher":"https:\/\/www.facebook.com\/ecolesaintemarieimmaculeesaintnazaire","article_published_time":"2025-01-16T17:50:33+00:00","article_modified_time":"2025-02-12T22:00:34+00:00","og_image":[{"url":"https:\/\/saint-nazaire-sainte-marie-immaculee.fr\/wp-content\/uploads\/2025\/01\/20250123_093927.jpg"}],"author":"Classe de CE2 \/ CM1","twitter_card":"summary_large_image","twitter_misc":{"\u00c9crit par":"Classe de CE2 \/ CM1","Dur\u00e9e de lecture estim\u00e9e":"1 minute"},"schema":{"@context":"https:\/\/schema.org","@graph":[{"@type":"WebPage","@id":"https:\/\/saint-nazaire-sainte-marie-immaculee.fr\/index.php\/2025\/01\/16\/arrivee-de-charlie-dalin\/","url":"https:\/\/saint-nazaire-sainte-marie-immaculee.fr\/index.php\/2025\/01\/16\/arrivee-de-charlie-dalin\/","name":"Arriv\u00e9e de Charlie Dalin - Ecole Sainte Marie de l&#039;Immacul\u00e9e Saint Nazaire","isPartOf":{"@id":"https:\/\/saint-nazaire-sainte-marie-immaculee.fr\/#website"},"primaryImageOfPage":{"@id":"https:\/\/saint-nazaire-sainte-marie-immaculee.fr\/index.php\/2025\/01\/16\/arrivee-de-charlie-dalin\/#primaryimage"},"image":{"@id":"https:\/\/saint-nazaire-sainte-marie-immaculee.fr\/index.php\/2025\/01\/16\/arrivee-de-charlie-dalin\/#primaryimage"},"thumbnailUrl":"https:\/\/saint-nazaire-sainte-marie-immaculee.fr\/wp-content\/uploads\/2025\/01\/20250123_093927.jpg","datePublished":"2025-01-16T17:50:33+00:00","dateModified":"2025-02-12T22:00:34+00:00","author":{"@id":"https:\/\/saint-nazaire-sainte-marie-immaculee.fr\/#\/schema\/person\/9e5665db638120c5784ae4adb2023456"},"breadcrumb":{"@id":"https:\/\/saint-nazaire-sainte-marie-immaculee.fr\/index.php\/2025\/01\/16\/arrivee-de-charlie-dalin\/#breadcrumb"},"inLanguage":"fr-FR","potentialAction":[{"@type":"ReadAction","target":["https:\/\/saint-nazaire-sainte-marie-immaculee.fr\/index.php\/2025\/01\/16\/arrivee-de-charlie-dalin\/"]}]},{"@type":"ImageObject","inLanguage":"fr-FR","@id":"https:\/\/saint-nazaire-sainte-marie-immaculee.fr\/index.php\/2025\/01\/16\/arrivee-de-charlie-dalin\/#primaryimage","url":"https:\/\/saint-nazaire-sainte-marie-immaculee.fr\/wp-content\/uploads\/2025\/01\/20250123_093927.jpg","contentUrl":"https:\/\/saint-nazaire-sainte-marie-immaculee.fr\/wp-content\/uploads\/2025\/01\/20250123_093927.jpg","width":1610,"height":1504},{"@type":"BreadcrumbList","@id":"https:\/\/saint-nazaire-sainte-marie-immaculee.fr\/index.php\/2025\/01\/16\/arrivee-de-charlie-dalin\/#breadcrumb","itemListElement":[{"@type":"ListItem","position":1,"name":"Accueil","item":"https:\/\/saint-nazaire-sainte-marie-immaculee.fr\/"},{"@type":"ListItem","position":2,"name":"Arriv\u00e9e de Charlie Dalin"}]},{"@type":"WebSite","@id":"https:\/\/saint-nazaire-sainte-marie-immaculee.fr\/#website","url":"https:\/\/saint-nazaire-sainte-marie-immaculee.fr\/","name":"Ecole Sainte Marie de l&#039;Immacul\u00e9e Saint Nazaire","description":"","potentialAction":[{"@type":"SearchAction","target":{"@type":"EntryPoint","urlTemplate":"https:\/\/saint-nazaire-sainte-marie-immaculee.fr\/?s={search_term_string}"},"query-input":{"@type":"PropertyValueSpecification","valueRequired":true,"valueName":"search_term_string"}}],"inLanguage":"fr-FR"},{"@type":"Person","@id":"https:\/\/saint-nazaire-sainte-marie-immaculee.fr\/#\/schema\/person\/9e5665db638120c5784ae4adb2023456","name":"Classe de CE2 \/ CM1","image":{"@type":"ImageObject","inLanguage":"fr-FR","@id":"https:\/\/saint-nazaire-sainte-marie-immaculee.fr\/#\/schema\/person\/image\/","url":"https:\/\/secure.gravatar.com\/avatar\/5ec38d5c60ed21032e593e51d7056b4b?s=96&d=mm&r=g","contentUrl":"https:\/\/secure.gravatar.com\/avatar\/5ec38d5c60ed21032e593e51d7056b4b?s=96&d=mm&r=g","caption":"Classe de CE2 \/ CM1"},"url":"https:\/\/saint-nazaire-sainte-marie-immaculee.fr\/index.php\/author\/ccourdier\/"}]}},"_links":{"self":[{"href":"https:\/\/saint-nazaire-sainte-marie-immaculee.fr\/index.php\/wp-json\/wp\/v2\/posts\/4033"}],"collection":[{"href":"https:\/\/saint-nazaire-sainte-marie-immaculee.fr\/index.php\/wp-json\/wp\/v2\/posts"}],"about":[{"href":"https:\/\/saint-nazaire-sainte-marie-immaculee.fr\/index.php\/wp-json\/wp\/v2\/types\/post"}],"author":[{"embeddable":true,"href":"https:\/\/saint-nazaire-sainte-marie-immaculee.fr\/index.php\/wp-json\/wp\/v2\/users\/4"}],"replies":[{"embeddable":true,"href":"https:\/\/saint-nazaire-sainte-marie-immaculee.fr\/index.php\/wp-json\/wp\/v2\/comments?post=4033"}],"version-history":[{"count":2,"href":"https:\/\/saint-nazaire-sainte-marie-immaculee.fr\/index.php\/wp-json\/wp\/v2\/posts\/4033\/revisions"}],"predecessor-version":[{"id":4085,"href":"https:\/\/saint-nazaire-sainte-marie-immaculee.fr\/index.php\/wp-json\/wp\/v2\/posts\/4033\/revisions\/4085"}],"wp:attachment":[{"href":"https:\/\/saint-nazaire-sainte-marie-immaculee.fr\/index.php\/wp-json\/wp\/v2\/media?parent=4033"}],"wp:term":[{"taxonomy":"category","embeddable":true,"href":"https:\/\/saint-nazaire-sainte-marie-immaculee.fr\/index.php\/wp-json\/wp\/v2\/categories?post=4033"},{"taxonomy":"post_tag","embeddable":true,"href":"https:\/\/saint-nazaire-sainte-marie-immaculee.fr\/index.php\/wp-json\/wp\/v2\/tags?post=4033"}],"curies":[{"name":"wp","href":"https:\/\/api.w.org\/{rel}","templated":true}]}}