{"id":4318,"date":"2025-12-05T17:08:33","date_gmt":"2025-12-05T16:08:33","guid":{"rendered":"https:\/\/saint-nazaire-sainte-marie-immaculee.fr\/?p=4318"},"modified":"2025-12-05T17:08:33","modified_gmt":"2025-12-05T16:08:33","slug":"cp-plantation-darbres-avec-la-ville-de-saint-nazaire","status":"publish","type":"post","link":"https:\/\/saint-nazaire-sainte-marie-immaculee.fr\/index.php\/2025\/12\/05\/cp-plantation-darbres-avec-la-ville-de-saint-nazaire\/","title":{"rendered":"CP : plantation d&rsquo;arbres avec la ville de Saint Nazaire"},"content":{"rendered":"<p>Sous une magnifique m\u00e9t\u00e9o d\u2019automne, les \u00e9l\u00e8ves de CP ont plant\u00e9 : noisetiers, ch\u00eanes et \u00a0fusains entre l\u2019h\u00f4pital et le\u00a0 centre de dressage canin.<\/p>\n<p>Juste avant la plantation les \u00e9l\u00e8ves ont tremp\u00e9 les racines des baliveaux dans du pralin\u00a0 (terre, eau et bouse de vache) pour les prot\u00e9ger du froid.<\/p>\n<p>Les haies bocag\u00e8res plant\u00e9es par les CP vont servir \u00e0 fixer les sols et permettront aux abeilles sauvages de se multiplier. A cette occasion, la ville\u00a0 nous a offert un nichoir destin\u00e9 aux m\u00e9sanges charbonni\u00e8res qui contribueront au bien \u00eatre des arbres en se nourrissant de chenilles processionnaires.<\/p>\n<p>Un beau moment !<\/p>\n<p>&nbsp;<\/p>\n<p>&nbsp;<\/p>\n<p><img loading=\"lazy\" decoding=\"async\" class=\"alignnone size-medium wp-image-4320\" src=\"https:\/\/saint-nazaire-sainte-marie-immaculee.fr\/wp-content\/uploads\/2025\/12\/IMG_20251205_143510-300x225.jpg\" alt=\"\" width=\"300\" height=\"225\" srcset=\"https:\/\/saint-nazaire-sainte-marie-immaculee.fr\/wp-content\/uploads\/2025\/12\/IMG_20251205_143510-300x225.jpg 300w, https:\/\/saint-nazaire-sainte-marie-immaculee.fr\/wp-content\/uploads\/2025\/12\/IMG_20251205_143510-1024x768.jpg 1024w, https:\/\/saint-nazaire-sainte-marie-immaculee.fr\/wp-content\/uploads\/2025\/12\/IMG_20251205_143510-768x576.jpg 768w, https:\/\/saint-nazaire-sainte-marie-immaculee.fr\/wp-content\/uploads\/2025\/12\/IMG_20251205_143510-1536x1152.jpg 1536w, https:\/\/saint-nazaire-sainte-marie-immaculee.fr\/wp-content\/uploads\/2025\/12\/IMG_20251205_143510-2048x1536.jpg 2048w\" sizes=\"(max-width: 300px) 100vw, 300px\" \/><img loading=\"lazy\" decoding=\"async\" class=\"alignnone size-medium wp-image-4321\" src=\"https:\/\/saint-nazaire-sainte-marie-immaculee.fr\/wp-content\/uploads\/2025\/12\/IMG_20251205_144656-225x300.jpg\" alt=\"\" width=\"225\" height=\"300\" srcset=\"https:\/\/saint-nazaire-sainte-marie-immaculee.fr\/wp-content\/uploads\/2025\/12\/IMG_20251205_144656-225x300.jpg 225w, https:\/\/saint-nazaire-sainte-marie-immaculee.fr\/wp-content\/uploads\/2025\/12\/IMG_20251205_144656-768x1024.jpg 768w, https:\/\/saint-nazaire-sainte-marie-immaculee.fr\/wp-content\/uploads\/2025\/12\/IMG_20251205_144656-1152x1536.jpg 1152w, https:\/\/saint-nazaire-sainte-marie-immaculee.fr\/wp-content\/uploads\/2025\/12\/IMG_20251205_144656-1536x2048.jpg 1536w, https:\/\/saint-nazaire-sainte-marie-immaculee.fr\/wp-content\/uploads\/2025\/12\/IMG_20251205_144656-scaled.jpg 1920w\" sizes=\"(max-width: 225px) 100vw, 225px\" \/><img loading=\"lazy\" decoding=\"async\" class=\"alignnone size-medium wp-image-4329\" src=\"https:\/\/saint-nazaire-sainte-marie-immaculee.fr\/wp-content\/uploads\/2025\/12\/IMG_20251205_145715-225x300.jpg\" alt=\"\" width=\"225\" height=\"300\" srcset=\"https:\/\/saint-nazaire-sainte-marie-immaculee.fr\/wp-content\/uploads\/2025\/12\/IMG_20251205_145715-225x300.jpg 225w, https:\/\/saint-nazaire-sainte-marie-immaculee.fr\/wp-content\/uploads\/2025\/12\/IMG_20251205_145715-768x1024.jpg 768w, https:\/\/saint-nazaire-sainte-marie-immaculee.fr\/wp-content\/uploads\/2025\/12\/IMG_20251205_145715-1152x1536.jpg 1152w, https:\/\/saint-nazaire-sainte-marie-immaculee.fr\/wp-content\/uploads\/2025\/12\/IMG_20251205_145715-1536x2048.jpg 1536w, https:\/\/saint-nazaire-sainte-marie-immaculee.fr\/wp-content\/uploads\/2025\/12\/IMG_20251205_145715-scaled.jpg 1920w\" sizes=\"(max-width: 225px) 100vw, 225px\" \/><img loading=\"lazy\" decoding=\"async\" class=\"alignnone size-medium wp-image-4332\" src=\"https:\/\/saint-nazaire-sainte-marie-immaculee.fr\/wp-content\/uploads\/2025\/12\/IMG_20251205_145945-300x225.jpg\" alt=\"\" width=\"300\" height=\"225\" srcset=\"https:\/\/saint-nazaire-sainte-marie-immaculee.fr\/wp-content\/uploads\/2025\/12\/IMG_20251205_145945-300x225.jpg 300w, https:\/\/saint-nazaire-sainte-marie-immaculee.fr\/wp-content\/uploads\/2025\/12\/IMG_20251205_145945-1024x768.jpg 1024w, https:\/\/saint-nazaire-sainte-marie-immaculee.fr\/wp-content\/uploads\/2025\/12\/IMG_20251205_145945-768x576.jpg 768w, https:\/\/saint-nazaire-sainte-marie-immaculee.fr\/wp-content\/uploads\/2025\/12\/IMG_20251205_145945-1536x1152.jpg 1536w, https:\/\/saint-nazaire-sainte-marie-immaculee.fr\/wp-content\/uploads\/2025\/12\/IMG_20251205_145945-2048x1536.jpg 2048w\" sizes=\"(max-width: 300px) 100vw, 300px\" \/><img loading=\"lazy\" decoding=\"async\" class=\"alignnone size-medium wp-image-4336\" src=\"https:\/\/saint-nazaire-sainte-marie-immaculee.fr\/wp-content\/uploads\/2025\/12\/IMG_20251205_150600-225x300.jpg\" alt=\"\" width=\"225\" height=\"300\" srcset=\"https:\/\/saint-nazaire-sainte-marie-immaculee.fr\/wp-content\/uploads\/2025\/12\/IMG_20251205_150600-225x300.jpg 225w, https:\/\/saint-nazaire-sainte-marie-immaculee.fr\/wp-content\/uploads\/2025\/12\/IMG_20251205_150600-768x1024.jpg 768w, https:\/\/saint-nazaire-sainte-marie-immaculee.fr\/wp-content\/uploads\/2025\/12\/IMG_20251205_150600-1152x1536.jpg 1152w, https:\/\/saint-nazaire-sainte-marie-immaculee.fr\/wp-content\/uploads\/2025\/12\/IMG_20251205_150600-1536x2048.jpg 1536w, https:\/\/saint-nazaire-sainte-marie-immaculee.fr\/wp-content\/uploads\/2025\/12\/IMG_20251205_150600-scaled.jpg 1920w\" sizes=\"(max-width: 225px) 100vw, 225px\" \/><\/p>\n","protected":false},"excerpt":{"rendered":"<p>Sous une magnifique m\u00e9t\u00e9o d\u2019automne, les \u00e9l\u00e8ves de CP ont plant\u00e9 : noisetiers, ch\u00eanes et \u00a0fusains entre l\u2019h\u00f4pital et le\u00a0 centre de dressage canin. Juste avant la plantation les \u00e9l\u00e8ves ont tremp\u00e9 les racines des baliveaux dans du pralin\u00a0 (terre, eau et bouse de vache) pour les prot\u00e9ger du froid. Les haies bocag\u00e8res plant\u00e9es par<\/p>\n<p><a href=\"https:\/\/saint-nazaire-sainte-marie-immaculee.fr\/index.php\/2025\/12\/05\/cp-plantation-darbres-avec-la-ville-de-saint-nazaire\/\" class=\"more-link themebutton\">Lire la suite<\/a><\/p>\n","protected":false},"author":11,"featured_media":0,"comment_status":"closed","ping_status":"closed","sticky":false,"template":"","format":"standard","meta":{"ngg_post_thumbnail":0,"footnotes":""},"categories":[12,7,1],"tags":[],"yoast_head":"<!-- This site is optimized with the Yoast SEO plugin v23.5 - https:\/\/yoast.com\/wordpress\/plugins\/seo\/ -->\n<title>CP : plantation d&#039;arbres avec la ville de Saint Nazaire - Ecole Sainte Marie de l&#039;Immacul\u00e9e Saint Nazaire<\/title>\n<meta name=\"robots\" content=\"index, follow, max-snippet:-1, max-image-preview:large, max-video-preview:-1\" \/>\n<link rel=\"canonical\" href=\"https:\/\/saint-nazaire-sainte-marie-immaculee.fr\/index.php\/2025\/12\/05\/cp-plantation-darbres-avec-la-ville-de-saint-nazaire\/\" \/>\n<meta property=\"og:locale\" content=\"fr_FR\" \/>\n<meta property=\"og:type\" content=\"article\" \/>\n<meta property=\"og:title\" content=\"CP : plantation d&#039;arbres avec la ville de Saint Nazaire - Ecole Sainte Marie de l&#039;Immacul\u00e9e Saint Nazaire\" \/>\n<meta property=\"og:description\" content=\"Sous une magnifique m\u00e9t\u00e9o d\u2019automne, les \u00e9l\u00e8ves de CP ont plant\u00e9 : noisetiers, ch\u00eanes et \u00a0fusains entre l\u2019h\u00f4pital et le\u00a0 centre de dressage canin. Juste avant la plantation les \u00e9l\u00e8ves ont tremp\u00e9 les racines des baliveaux dans du pralin\u00a0 (terre, eau et bouse de vache) pour les prot\u00e9ger du froid. Les haies bocag\u00e8res plant\u00e9es parLire la suite\" \/>\n<meta property=\"og:url\" content=\"https:\/\/saint-nazaire-sainte-marie-immaculee.fr\/index.php\/2025\/12\/05\/cp-plantation-darbres-avec-la-ville-de-saint-nazaire\/\" \/>\n<meta property=\"og:site_name\" content=\"Ecole Sainte Marie de l&#039;Immacul\u00e9e Saint Nazaire\" \/>\n<meta property=\"article:publisher\" content=\"https:\/\/www.facebook.com\/ecolesaintemarieimmaculeesaintnazaire\" \/>\n<meta property=\"article:published_time\" content=\"2025-12-05T16:08:33+00:00\" \/>\n<meta property=\"og:image\" content=\"https:\/\/saint-nazaire-sainte-marie-immaculee.fr\/wp-content\/uploads\/2025\/12\/IMG_20251205_143510-300x225.jpg\" \/>\n<meta name=\"author\" content=\"Renaud Poulizac\" \/>\n<meta name=\"twitter:card\" content=\"summary_large_image\" \/>\n<meta name=\"twitter:label1\" content=\"\u00c9crit par\" \/>\n\t<meta name=\"twitter:data1\" content=\"Renaud Poulizac\" \/>\n\t<meta name=\"twitter:label2\" content=\"Dur\u00e9e de lecture estim\u00e9e\" \/>\n\t<meta name=\"twitter:data2\" content=\"2 minutes\" \/>\n<script type=\"application\/ld+json\" class=\"yoast-schema-graph\">{\"@context\":\"https:\/\/schema.org\",\"@graph\":[{\"@type\":\"WebPage\",\"@id\":\"https:\/\/saint-nazaire-sainte-marie-immaculee.fr\/index.php\/2025\/12\/05\/cp-plantation-darbres-avec-la-ville-de-saint-nazaire\/\",\"url\":\"https:\/\/saint-nazaire-sainte-marie-immaculee.fr\/index.php\/2025\/12\/05\/cp-plantation-darbres-avec-la-ville-de-saint-nazaire\/\",\"name\":\"CP : plantation d'arbres avec la ville de Saint Nazaire - Ecole Sainte Marie de l&#039;Immacul\u00e9e Saint Nazaire\",\"isPartOf\":{\"@id\":\"https:\/\/saint-nazaire-sainte-marie-immaculee.fr\/#website\"},\"primaryImageOfPage\":{\"@id\":\"https:\/\/saint-nazaire-sainte-marie-immaculee.fr\/index.php\/2025\/12\/05\/cp-plantation-darbres-avec-la-ville-de-saint-nazaire\/#primaryimage\"},\"image\":{\"@id\":\"https:\/\/saint-nazaire-sainte-marie-immaculee.fr\/index.php\/2025\/12\/05\/cp-plantation-darbres-avec-la-ville-de-saint-nazaire\/#primaryimage\"},\"thumbnailUrl\":\"https:\/\/saint-nazaire-sainte-marie-immaculee.fr\/wp-content\/uploads\/2025\/12\/IMG_20251205_143510-300x225.jpg\",\"datePublished\":\"2025-12-05T16:08:33+00:00\",\"dateModified\":\"2025-12-05T16:08:33+00:00\",\"author\":{\"@id\":\"https:\/\/saint-nazaire-sainte-marie-immaculee.fr\/#\/schema\/person\/2c04eb195073db8e049793c918a46c07\"},\"breadcrumb\":{\"@id\":\"https:\/\/saint-nazaire-sainte-marie-immaculee.fr\/index.php\/2025\/12\/05\/cp-plantation-darbres-avec-la-ville-de-saint-nazaire\/#breadcrumb\"},\"inLanguage\":\"fr-FR\",\"potentialAction\":[{\"@type\":\"ReadAction\",\"target\":[\"https:\/\/saint-nazaire-sainte-marie-immaculee.fr\/index.php\/2025\/12\/05\/cp-plantation-darbres-avec-la-ville-de-saint-nazaire\/\"]}]},{\"@type\":\"ImageObject\",\"inLanguage\":\"fr-FR\",\"@id\":\"https:\/\/saint-nazaire-sainte-marie-immaculee.fr\/index.php\/2025\/12\/05\/cp-plantation-darbres-avec-la-ville-de-saint-nazaire\/#primaryimage\",\"url\":\"https:\/\/saint-nazaire-sainte-marie-immaculee.fr\/wp-content\/uploads\/2025\/12\/IMG_20251205_143510-scaled.jpg\",\"contentUrl\":\"https:\/\/saint-nazaire-sainte-marie-immaculee.fr\/wp-content\/uploads\/2025\/12\/IMG_20251205_143510-scaled.jpg\",\"width\":2560,\"height\":1920},{\"@type\":\"BreadcrumbList\",\"@id\":\"https:\/\/saint-nazaire-sainte-marie-immaculee.fr\/index.php\/2025\/12\/05\/cp-plantation-darbres-avec-la-ville-de-saint-nazaire\/#breadcrumb\",\"itemListElement\":[{\"@type\":\"ListItem\",\"position\":1,\"name\":\"Accueil\",\"item\":\"https:\/\/saint-nazaire-sainte-marie-immaculee.fr\/\"},{\"@type\":\"ListItem\",\"position\":2,\"name\":\"CP : plantation d&rsquo;arbres avec la ville de Saint Nazaire\"}]},{\"@type\":\"WebSite\",\"@id\":\"https:\/\/saint-nazaire-sainte-marie-immaculee.fr\/#website\",\"url\":\"https:\/\/saint-nazaire-sainte-marie-immaculee.fr\/\",\"name\":\"Ecole Sainte Marie de l&#039;Immacul\u00e9e Saint Nazaire\",\"description\":\"\",\"potentialAction\":[{\"@type\":\"SearchAction\",\"target\":{\"@type\":\"EntryPoint\",\"urlTemplate\":\"https:\/\/saint-nazaire-sainte-marie-immaculee.fr\/?s={search_term_string}\"},\"query-input\":{\"@type\":\"PropertyValueSpecification\",\"valueRequired\":true,\"valueName\":\"search_term_string\"}}],\"inLanguage\":\"fr-FR\"},{\"@type\":\"Person\",\"@id\":\"https:\/\/saint-nazaire-sainte-marie-immaculee.fr\/#\/schema\/person\/2c04eb195073db8e049793c918a46c07\",\"name\":\"Renaud Poulizac\",\"image\":{\"@type\":\"ImageObject\",\"inLanguage\":\"fr-FR\",\"@id\":\"https:\/\/saint-nazaire-sainte-marie-immaculee.fr\/#\/schema\/person\/image\/\",\"url\":\"https:\/\/secure.gravatar.com\/avatar\/95f0519144edcaf9bdbd78eb7d7b7f9c?s=96&d=mm&r=g\",\"contentUrl\":\"https:\/\/secure.gravatar.com\/avatar\/95f0519144edcaf9bdbd78eb7d7b7f9c?s=96&d=mm&r=g\",\"caption\":\"Renaud Poulizac\"},\"url\":\"https:\/\/saint-nazaire-sainte-marie-immaculee.fr\/index.php\/author\/rpoulizac\/\"}]}<\/script>\n<!-- \/ Yoast SEO plugin. -->","yoast_head_json":{"title":"CP : plantation d'arbres avec la ville de Saint Nazaire - Ecole Sainte Marie de l&#039;Immacul\u00e9e Saint Nazaire","robots":{"index":"index","follow":"follow","max-snippet":"max-snippet:-1","max-image-preview":"max-image-preview:large","max-video-preview":"max-video-preview:-1"},"canonical":"https:\/\/saint-nazaire-sainte-marie-immaculee.fr\/index.php\/2025\/12\/05\/cp-plantation-darbres-avec-la-ville-de-saint-nazaire\/","og_locale":"fr_FR","og_type":"article","og_title":"CP : plantation d'arbres avec la ville de Saint Nazaire - Ecole Sainte Marie de l&#039;Immacul\u00e9e Saint Nazaire","og_description":"Sous une magnifique m\u00e9t\u00e9o d\u2019automne, les \u00e9l\u00e8ves de CP ont plant\u00e9 : noisetiers, ch\u00eanes et \u00a0fusains entre l\u2019h\u00f4pital et le\u00a0 centre de dressage canin. Juste avant la plantation les \u00e9l\u00e8ves ont tremp\u00e9 les racines des baliveaux dans du pralin\u00a0 (terre, eau et bouse de vache) pour les prot\u00e9ger du froid. Les haies bocag\u00e8res plant\u00e9es parLire la suite","og_url":"https:\/\/saint-nazaire-sainte-marie-immaculee.fr\/index.php\/2025\/12\/05\/cp-plantation-darbres-avec-la-ville-de-saint-nazaire\/","og_site_name":"Ecole Sainte Marie de l&#039;Immacul\u00e9e Saint Nazaire","article_publisher":"https:\/\/www.facebook.com\/ecolesaintemarieimmaculeesaintnazaire","article_published_time":"2025-12-05T16:08:33+00:00","og_image":[{"url":"https:\/\/saint-nazaire-sainte-marie-immaculee.fr\/wp-content\/uploads\/2025\/12\/IMG_20251205_143510-300x225.jpg"}],"author":"Renaud Poulizac","twitter_card":"summary_large_image","twitter_misc":{"\u00c9crit par":"Renaud Poulizac","Dur\u00e9e de lecture estim\u00e9e":"2 minutes"},"schema":{"@context":"https:\/\/schema.org","@graph":[{"@type":"WebPage","@id":"https:\/\/saint-nazaire-sainte-marie-immaculee.fr\/index.php\/2025\/12\/05\/cp-plantation-darbres-avec-la-ville-de-saint-nazaire\/","url":"https:\/\/saint-nazaire-sainte-marie-immaculee.fr\/index.php\/2025\/12\/05\/cp-plantation-darbres-avec-la-ville-de-saint-nazaire\/","name":"CP : plantation d'arbres avec la ville de Saint Nazaire - Ecole Sainte Marie de l&#039;Immacul\u00e9e Saint Nazaire","isPartOf":{"@id":"https:\/\/saint-nazaire-sainte-marie-immaculee.fr\/#website"},"primaryImageOfPage":{"@id":"https:\/\/saint-nazaire-sainte-marie-immaculee.fr\/index.php\/2025\/12\/05\/cp-plantation-darbres-avec-la-ville-de-saint-nazaire\/#primaryimage"},"image":{"@id":"https:\/\/saint-nazaire-sainte-marie-immaculee.fr\/index.php\/2025\/12\/05\/cp-plantation-darbres-avec-la-ville-de-saint-nazaire\/#primaryimage"},"thumbnailUrl":"https:\/\/saint-nazaire-sainte-marie-immaculee.fr\/wp-content\/uploads\/2025\/12\/IMG_20251205_143510-300x225.jpg","datePublished":"2025-12-05T16:08:33+00:00","dateModified":"2025-12-05T16:08:33+00:00","author":{"@id":"https:\/\/saint-nazaire-sainte-marie-immaculee.fr\/#\/schema\/person\/2c04eb195073db8e049793c918a46c07"},"breadcrumb":{"@id":"https:\/\/saint-nazaire-sainte-marie-immaculee.fr\/index.php\/2025\/12\/05\/cp-plantation-darbres-avec-la-ville-de-saint-nazaire\/#breadcrumb"},"inLanguage":"fr-FR","potentialAction":[{"@type":"ReadAction","target":["https:\/\/saint-nazaire-sainte-marie-immaculee.fr\/index.php\/2025\/12\/05\/cp-plantation-darbres-avec-la-ville-de-saint-nazaire\/"]}]},{"@type":"ImageObject","inLanguage":"fr-FR","@id":"https:\/\/saint-nazaire-sainte-marie-immaculee.fr\/index.php\/2025\/12\/05\/cp-plantation-darbres-avec-la-ville-de-saint-nazaire\/#primaryimage","url":"https:\/\/saint-nazaire-sainte-marie-immaculee.fr\/wp-content\/uploads\/2025\/12\/IMG_20251205_143510-scaled.jpg","contentUrl":"https:\/\/saint-nazaire-sainte-marie-immaculee.fr\/wp-content\/uploads\/2025\/12\/IMG_20251205_143510-scaled.jpg","width":2560,"height":1920},{"@type":"BreadcrumbList","@id":"https:\/\/saint-nazaire-sainte-marie-immaculee.fr\/index.php\/2025\/12\/05\/cp-plantation-darbres-avec-la-ville-de-saint-nazaire\/#breadcrumb","itemListElement":[{"@type":"ListItem","position":1,"name":"Accueil","item":"https:\/\/saint-nazaire-sainte-marie-immaculee.fr\/"},{"@type":"ListItem","position":2,"name":"CP : plantation d&rsquo;arbres avec la ville de Saint Nazaire"}]},{"@type":"WebSite","@id":"https:\/\/saint-nazaire-sainte-marie-immaculee.fr\/#website","url":"https:\/\/saint-nazaire-sainte-marie-immaculee.fr\/","name":"Ecole Sainte Marie de l&#039;Immacul\u00e9e Saint Nazaire","description":"","potentialAction":[{"@type":"SearchAction","target":{"@type":"EntryPoint","urlTemplate":"https:\/\/saint-nazaire-sainte-marie-immaculee.fr\/?s={search_term_string}"},"query-input":{"@type":"PropertyValueSpecification","valueRequired":true,"valueName":"search_term_string"}}],"inLanguage":"fr-FR"},{"@type":"Person","@id":"https:\/\/saint-nazaire-sainte-marie-immaculee.fr\/#\/schema\/person\/2c04eb195073db8e049793c918a46c07","name":"Renaud Poulizac","image":{"@type":"ImageObject","inLanguage":"fr-FR","@id":"https:\/\/saint-nazaire-sainte-marie-immaculee.fr\/#\/schema\/person\/image\/","url":"https:\/\/secure.gravatar.com\/avatar\/95f0519144edcaf9bdbd78eb7d7b7f9c?s=96&d=mm&r=g","contentUrl":"https:\/\/secure.gravatar.com\/avatar\/95f0519144edcaf9bdbd78eb7d7b7f9c?s=96&d=mm&r=g","caption":"Renaud Poulizac"},"url":"https:\/\/saint-nazaire-sainte-marie-immaculee.fr\/index.php\/author\/rpoulizac\/"}]}},"_links":{"self":[{"href":"https:\/\/saint-nazaire-sainte-marie-immaculee.fr\/index.php\/wp-json\/wp\/v2\/posts\/4318"}],"collection":[{"href":"https:\/\/saint-nazaire-sainte-marie-immaculee.fr\/index.php\/wp-json\/wp\/v2\/posts"}],"about":[{"href":"https:\/\/saint-nazaire-sainte-marie-immaculee.fr\/index.php\/wp-json\/wp\/v2\/types\/post"}],"author":[{"embeddable":true,"href":"https:\/\/saint-nazaire-sainte-marie-immaculee.fr\/index.php\/wp-json\/wp\/v2\/users\/11"}],"replies":[{"embeddable":true,"href":"https:\/\/saint-nazaire-sainte-marie-immaculee.fr\/index.php\/wp-json\/wp\/v2\/comments?post=4318"}],"version-history":[{"count":2,"href":"https:\/\/saint-nazaire-sainte-marie-immaculee.fr\/index.php\/wp-json\/wp\/v2\/posts\/4318\/revisions"}],"predecessor-version":[{"id":4337,"href":"https:\/\/saint-nazaire-sainte-marie-immaculee.fr\/index.php\/wp-json\/wp\/v2\/posts\/4318\/revisions\/4337"}],"wp:attachment":[{"href":"https:\/\/saint-nazaire-sainte-marie-immaculee.fr\/index.php\/wp-json\/wp\/v2\/media?parent=4318"}],"wp:term":[{"taxonomy":"category","embeddable":true,"href":"https:\/\/saint-nazaire-sainte-marie-immaculee.fr\/index.php\/wp-json\/wp\/v2\/categories?post=4318"},{"taxonomy":"post_tag","embeddable":true,"href":"https:\/\/saint-nazaire-sainte-marie-immaculee.fr\/index.php\/wp-json\/wp\/v2\/tags?post=4318"}],"curies":[{"name":"wp","href":"https:\/\/api.w.org\/{rel}","templated":true}]}}