{"id":4355,"date":"2026-01-16T21:31:47","date_gmt":"2026-01-16T20:31:47","guid":{"rendered":"https:\/\/saint-nazaire-sainte-marie-immaculee.fr\/?p=4355"},"modified":"2026-01-16T21:31:47","modified_gmt":"2026-01-16T20:31:47","slug":"petit-dejeuner-a-lecole","status":"publish","type":"post","link":"https:\/\/saint-nazaire-sainte-marie-immaculee.fr\/index.php\/2026\/01\/16\/petit-dejeuner-a-lecole\/","title":{"rendered":"Petit d\u00e9jeuner \u00e0 l&rsquo;\u00e9cole"},"content":{"rendered":"<p><span style=\"font-family: verdana, geneva, sans-serif;color: #ff6600\">En Questionner le monde, les CE2 travaillent sur la sant\u00e9 et notamment sur l&rsquo;alimentation (familles d&rsquo;aliments, \u00e9quilibre alimentaire). <\/span><\/p>\n<p><span style=\"font-family: verdana, geneva, sans-serif;color: #ff6600\">Aujourd&rsquo;hui, les CE2 ont termin\u00e9 la partie sur les aliments dans la joie en prenant un petit d\u00e9jeuner \u00e9quilibr\u00e9 \u00e0 l&rsquo;\u00e9cole.<\/span><\/p>\n<p>&nbsp;<\/p>\n<p><img loading=\"lazy\" decoding=\"async\" class=\"alignnone size-full wp-image-4356\" src=\"https:\/\/saint-nazaire-sainte-marie-immaculee.fr\/wp-content\/uploads\/2026\/01\/20260116_092601.jpg\" alt=\"\" width=\"2183\" height=\"1020\" srcset=\"https:\/\/saint-nazaire-sainte-marie-immaculee.fr\/wp-content\/uploads\/2026\/01\/20260116_092601.jpg 2183w, https:\/\/saint-nazaire-sainte-marie-immaculee.fr\/wp-content\/uploads\/2026\/01\/20260116_092601-300x140.jpg 300w, https:\/\/saint-nazaire-sainte-marie-immaculee.fr\/wp-content\/uploads\/2026\/01\/20260116_092601-1024x478.jpg 1024w, https:\/\/saint-nazaire-sainte-marie-immaculee.fr\/wp-content\/uploads\/2026\/01\/20260116_092601-768x359.jpg 768w, https:\/\/saint-nazaire-sainte-marie-immaculee.fr\/wp-content\/uploads\/2026\/01\/20260116_092601-1536x718.jpg 1536w, https:\/\/saint-nazaire-sainte-marie-immaculee.fr\/wp-content\/uploads\/2026\/01\/20260116_092601-2048x957.jpg 2048w\" sizes=\"(max-width: 2183px) 100vw, 2183px\" \/><\/p>\n","protected":false},"excerpt":{"rendered":"<p>En Questionner le monde, les CE2 travaillent sur la sant\u00e9 et notamment sur l&rsquo;alimentation (familles d&rsquo;aliments, \u00e9quilibre alimentaire). Aujourd&rsquo;hui, les CE2 ont termin\u00e9 la partie sur les aliments dans la joie en prenant un petit d\u00e9jeuner \u00e9quilibr\u00e9 \u00e0 l&rsquo;\u00e9cole. &nbsp;<\/p>\n","protected":false},"author":4,"featured_media":0,"comment_status":"closed","ping_status":"closed","sticky":false,"template":"","format":"standard","meta":{"ngg_post_thumbnail":0,"footnotes":""},"categories":[12,9],"tags":[],"yoast_head":"<!-- This site is optimized with the Yoast SEO plugin v23.5 - https:\/\/yoast.com\/wordpress\/plugins\/seo\/ -->\n<title>Petit d\u00e9jeuner \u00e0 l&#039;\u00e9cole - Ecole Sainte Marie de l&#039;Immacul\u00e9e Saint Nazaire<\/title>\n<meta name=\"robots\" content=\"index, follow, max-snippet:-1, max-image-preview:large, max-video-preview:-1\" \/>\n<link rel=\"canonical\" href=\"https:\/\/saint-nazaire-sainte-marie-immaculee.fr\/index.php\/2026\/01\/16\/petit-dejeuner-a-lecole\/\" \/>\n<meta property=\"og:locale\" content=\"fr_FR\" \/>\n<meta property=\"og:type\" content=\"article\" \/>\n<meta property=\"og:title\" content=\"Petit d\u00e9jeuner \u00e0 l&#039;\u00e9cole - Ecole Sainte Marie de l&#039;Immacul\u00e9e Saint Nazaire\" \/>\n<meta property=\"og:description\" content=\"En Questionner le monde, les CE2 travaillent sur la sant\u00e9 et notamment sur l&rsquo;alimentation (familles d&rsquo;aliments, \u00e9quilibre alimentaire). Aujourd&rsquo;hui, les CE2 ont termin\u00e9 la partie sur les aliments dans la joie en prenant un petit d\u00e9jeuner \u00e9quilibr\u00e9 \u00e0 l&rsquo;\u00e9cole. &nbsp;\" \/>\n<meta property=\"og:url\" content=\"https:\/\/saint-nazaire-sainte-marie-immaculee.fr\/index.php\/2026\/01\/16\/petit-dejeuner-a-lecole\/\" \/>\n<meta property=\"og:site_name\" content=\"Ecole Sainte Marie de l&#039;Immacul\u00e9e Saint Nazaire\" \/>\n<meta property=\"article:publisher\" content=\"https:\/\/www.facebook.com\/ecolesaintemarieimmaculeesaintnazaire\" \/>\n<meta property=\"article:published_time\" content=\"2026-01-16T20:31:47+00:00\" \/>\n<meta property=\"og:image\" content=\"https:\/\/saint-nazaire-sainte-marie-immaculee.fr\/wp-content\/uploads\/2026\/01\/20260116_092601.jpg\" \/>\n<meta name=\"author\" content=\"Classe de CE2 \/ CM1\" \/>\n<meta name=\"twitter:card\" content=\"summary_large_image\" \/>\n<meta name=\"twitter:label1\" content=\"\u00c9crit par\" \/>\n\t<meta name=\"twitter:data1\" content=\"Classe de CE2 \/ CM1\" \/>\n\t<meta name=\"twitter:label2\" content=\"Dur\u00e9e de lecture estim\u00e9e\" \/>\n\t<meta name=\"twitter:data2\" content=\"1 minute\" \/>\n<script type=\"application\/ld+json\" class=\"yoast-schema-graph\">{\"@context\":\"https:\/\/schema.org\",\"@graph\":[{\"@type\":\"WebPage\",\"@id\":\"https:\/\/saint-nazaire-sainte-marie-immaculee.fr\/index.php\/2026\/01\/16\/petit-dejeuner-a-lecole\/\",\"url\":\"https:\/\/saint-nazaire-sainte-marie-immaculee.fr\/index.php\/2026\/01\/16\/petit-dejeuner-a-lecole\/\",\"name\":\"Petit d\u00e9jeuner \u00e0 l'\u00e9cole - Ecole Sainte Marie de l&#039;Immacul\u00e9e Saint Nazaire\",\"isPartOf\":{\"@id\":\"https:\/\/saint-nazaire-sainte-marie-immaculee.fr\/#website\"},\"primaryImageOfPage\":{\"@id\":\"https:\/\/saint-nazaire-sainte-marie-immaculee.fr\/index.php\/2026\/01\/16\/petit-dejeuner-a-lecole\/#primaryimage\"},\"image\":{\"@id\":\"https:\/\/saint-nazaire-sainte-marie-immaculee.fr\/index.php\/2026\/01\/16\/petit-dejeuner-a-lecole\/#primaryimage\"},\"thumbnailUrl\":\"https:\/\/saint-nazaire-sainte-marie-immaculee.fr\/wp-content\/uploads\/2026\/01\/20260116_092601.jpg\",\"datePublished\":\"2026-01-16T20:31:47+00:00\",\"dateModified\":\"2026-01-16T20:31:47+00:00\",\"author\":{\"@id\":\"https:\/\/saint-nazaire-sainte-marie-immaculee.fr\/#\/schema\/person\/9e5665db638120c5784ae4adb2023456\"},\"breadcrumb\":{\"@id\":\"https:\/\/saint-nazaire-sainte-marie-immaculee.fr\/index.php\/2026\/01\/16\/petit-dejeuner-a-lecole\/#breadcrumb\"},\"inLanguage\":\"fr-FR\",\"potentialAction\":[{\"@type\":\"ReadAction\",\"target\":[\"https:\/\/saint-nazaire-sainte-marie-immaculee.fr\/index.php\/2026\/01\/16\/petit-dejeuner-a-lecole\/\"]}]},{\"@type\":\"ImageObject\",\"inLanguage\":\"fr-FR\",\"@id\":\"https:\/\/saint-nazaire-sainte-marie-immaculee.fr\/index.php\/2026\/01\/16\/petit-dejeuner-a-lecole\/#primaryimage\",\"url\":\"https:\/\/saint-nazaire-sainte-marie-immaculee.fr\/wp-content\/uploads\/2026\/01\/20260116_092601.jpg\",\"contentUrl\":\"https:\/\/saint-nazaire-sainte-marie-immaculee.fr\/wp-content\/uploads\/2026\/01\/20260116_092601.jpg\",\"width\":2183,\"height\":1020},{\"@type\":\"BreadcrumbList\",\"@id\":\"https:\/\/saint-nazaire-sainte-marie-immaculee.fr\/index.php\/2026\/01\/16\/petit-dejeuner-a-lecole\/#breadcrumb\",\"itemListElement\":[{\"@type\":\"ListItem\",\"position\":1,\"name\":\"Accueil\",\"item\":\"https:\/\/saint-nazaire-sainte-marie-immaculee.fr\/\"},{\"@type\":\"ListItem\",\"position\":2,\"name\":\"Petit d\u00e9jeuner \u00e0 l&rsquo;\u00e9cole\"}]},{\"@type\":\"WebSite\",\"@id\":\"https:\/\/saint-nazaire-sainte-marie-immaculee.fr\/#website\",\"url\":\"https:\/\/saint-nazaire-sainte-marie-immaculee.fr\/\",\"name\":\"Ecole Sainte Marie de l&#039;Immacul\u00e9e Saint Nazaire\",\"description\":\"\",\"potentialAction\":[{\"@type\":\"SearchAction\",\"target\":{\"@type\":\"EntryPoint\",\"urlTemplate\":\"https:\/\/saint-nazaire-sainte-marie-immaculee.fr\/?s={search_term_string}\"},\"query-input\":{\"@type\":\"PropertyValueSpecification\",\"valueRequired\":true,\"valueName\":\"search_term_string\"}}],\"inLanguage\":\"fr-FR\"},{\"@type\":\"Person\",\"@id\":\"https:\/\/saint-nazaire-sainte-marie-immaculee.fr\/#\/schema\/person\/9e5665db638120c5784ae4adb2023456\",\"name\":\"Classe de CE2 \/ CM1\",\"image\":{\"@type\":\"ImageObject\",\"inLanguage\":\"fr-FR\",\"@id\":\"https:\/\/saint-nazaire-sainte-marie-immaculee.fr\/#\/schema\/person\/image\/\",\"url\":\"https:\/\/secure.gravatar.com\/avatar\/5ec38d5c60ed21032e593e51d7056b4b?s=96&d=mm&r=g\",\"contentUrl\":\"https:\/\/secure.gravatar.com\/avatar\/5ec38d5c60ed21032e593e51d7056b4b?s=96&d=mm&r=g\",\"caption\":\"Classe de CE2 \/ CM1\"},\"url\":\"https:\/\/saint-nazaire-sainte-marie-immaculee.fr\/index.php\/author\/ccourdier\/\"}]}<\/script>\n<!-- \/ Yoast SEO plugin. -->","yoast_head_json":{"title":"Petit d\u00e9jeuner \u00e0 l'\u00e9cole - Ecole Sainte Marie de l&#039;Immacul\u00e9e Saint Nazaire","robots":{"index":"index","follow":"follow","max-snippet":"max-snippet:-1","max-image-preview":"max-image-preview:large","max-video-preview":"max-video-preview:-1"},"canonical":"https:\/\/saint-nazaire-sainte-marie-immaculee.fr\/index.php\/2026\/01\/16\/petit-dejeuner-a-lecole\/","og_locale":"fr_FR","og_type":"article","og_title":"Petit d\u00e9jeuner \u00e0 l'\u00e9cole - Ecole Sainte Marie de l&#039;Immacul\u00e9e Saint Nazaire","og_description":"En Questionner le monde, les CE2 travaillent sur la sant\u00e9 et notamment sur l&rsquo;alimentation (familles d&rsquo;aliments, \u00e9quilibre alimentaire). Aujourd&rsquo;hui, les CE2 ont termin\u00e9 la partie sur les aliments dans la joie en prenant un petit d\u00e9jeuner \u00e9quilibr\u00e9 \u00e0 l&rsquo;\u00e9cole. &nbsp;","og_url":"https:\/\/saint-nazaire-sainte-marie-immaculee.fr\/index.php\/2026\/01\/16\/petit-dejeuner-a-lecole\/","og_site_name":"Ecole Sainte Marie de l&#039;Immacul\u00e9e Saint Nazaire","article_publisher":"https:\/\/www.facebook.com\/ecolesaintemarieimmaculeesaintnazaire","article_published_time":"2026-01-16T20:31:47+00:00","og_image":[{"url":"https:\/\/saint-nazaire-sainte-marie-immaculee.fr\/wp-content\/uploads\/2026\/01\/20260116_092601.jpg"}],"author":"Classe de CE2 \/ CM1","twitter_card":"summary_large_image","twitter_misc":{"\u00c9crit par":"Classe de CE2 \/ CM1","Dur\u00e9e de lecture estim\u00e9e":"1 minute"},"schema":{"@context":"https:\/\/schema.org","@graph":[{"@type":"WebPage","@id":"https:\/\/saint-nazaire-sainte-marie-immaculee.fr\/index.php\/2026\/01\/16\/petit-dejeuner-a-lecole\/","url":"https:\/\/saint-nazaire-sainte-marie-immaculee.fr\/index.php\/2026\/01\/16\/petit-dejeuner-a-lecole\/","name":"Petit d\u00e9jeuner \u00e0 l'\u00e9cole - Ecole Sainte Marie de l&#039;Immacul\u00e9e Saint Nazaire","isPartOf":{"@id":"https:\/\/saint-nazaire-sainte-marie-immaculee.fr\/#website"},"primaryImageOfPage":{"@id":"https:\/\/saint-nazaire-sainte-marie-immaculee.fr\/index.php\/2026\/01\/16\/petit-dejeuner-a-lecole\/#primaryimage"},"image":{"@id":"https:\/\/saint-nazaire-sainte-marie-immaculee.fr\/index.php\/2026\/01\/16\/petit-dejeuner-a-lecole\/#primaryimage"},"thumbnailUrl":"https:\/\/saint-nazaire-sainte-marie-immaculee.fr\/wp-content\/uploads\/2026\/01\/20260116_092601.jpg","datePublished":"2026-01-16T20:31:47+00:00","dateModified":"2026-01-16T20:31:47+00:00","author":{"@id":"https:\/\/saint-nazaire-sainte-marie-immaculee.fr\/#\/schema\/person\/9e5665db638120c5784ae4adb2023456"},"breadcrumb":{"@id":"https:\/\/saint-nazaire-sainte-marie-immaculee.fr\/index.php\/2026\/01\/16\/petit-dejeuner-a-lecole\/#breadcrumb"},"inLanguage":"fr-FR","potentialAction":[{"@type":"ReadAction","target":["https:\/\/saint-nazaire-sainte-marie-immaculee.fr\/index.php\/2026\/01\/16\/petit-dejeuner-a-lecole\/"]}]},{"@type":"ImageObject","inLanguage":"fr-FR","@id":"https:\/\/saint-nazaire-sainte-marie-immaculee.fr\/index.php\/2026\/01\/16\/petit-dejeuner-a-lecole\/#primaryimage","url":"https:\/\/saint-nazaire-sainte-marie-immaculee.fr\/wp-content\/uploads\/2026\/01\/20260116_092601.jpg","contentUrl":"https:\/\/saint-nazaire-sainte-marie-immaculee.fr\/wp-content\/uploads\/2026\/01\/20260116_092601.jpg","width":2183,"height":1020},{"@type":"BreadcrumbList","@id":"https:\/\/saint-nazaire-sainte-marie-immaculee.fr\/index.php\/2026\/01\/16\/petit-dejeuner-a-lecole\/#breadcrumb","itemListElement":[{"@type":"ListItem","position":1,"name":"Accueil","item":"https:\/\/saint-nazaire-sainte-marie-immaculee.fr\/"},{"@type":"ListItem","position":2,"name":"Petit d\u00e9jeuner \u00e0 l&rsquo;\u00e9cole"}]},{"@type":"WebSite","@id":"https:\/\/saint-nazaire-sainte-marie-immaculee.fr\/#website","url":"https:\/\/saint-nazaire-sainte-marie-immaculee.fr\/","name":"Ecole Sainte Marie de l&#039;Immacul\u00e9e Saint Nazaire","description":"","potentialAction":[{"@type":"SearchAction","target":{"@type":"EntryPoint","urlTemplate":"https:\/\/saint-nazaire-sainte-marie-immaculee.fr\/?s={search_term_string}"},"query-input":{"@type":"PropertyValueSpecification","valueRequired":true,"valueName":"search_term_string"}}],"inLanguage":"fr-FR"},{"@type":"Person","@id":"https:\/\/saint-nazaire-sainte-marie-immaculee.fr\/#\/schema\/person\/9e5665db638120c5784ae4adb2023456","name":"Classe de CE2 \/ CM1","image":{"@type":"ImageObject","inLanguage":"fr-FR","@id":"https:\/\/saint-nazaire-sainte-marie-immaculee.fr\/#\/schema\/person\/image\/","url":"https:\/\/secure.gravatar.com\/avatar\/5ec38d5c60ed21032e593e51d7056b4b?s=96&d=mm&r=g","contentUrl":"https:\/\/secure.gravatar.com\/avatar\/5ec38d5c60ed21032e593e51d7056b4b?s=96&d=mm&r=g","caption":"Classe de CE2 \/ CM1"},"url":"https:\/\/saint-nazaire-sainte-marie-immaculee.fr\/index.php\/author\/ccourdier\/"}]}},"_links":{"self":[{"href":"https:\/\/saint-nazaire-sainte-marie-immaculee.fr\/index.php\/wp-json\/wp\/v2\/posts\/4355"}],"collection":[{"href":"https:\/\/saint-nazaire-sainte-marie-immaculee.fr\/index.php\/wp-json\/wp\/v2\/posts"}],"about":[{"href":"https:\/\/saint-nazaire-sainte-marie-immaculee.fr\/index.php\/wp-json\/wp\/v2\/types\/post"}],"author":[{"embeddable":true,"href":"https:\/\/saint-nazaire-sainte-marie-immaculee.fr\/index.php\/wp-json\/wp\/v2\/users\/4"}],"replies":[{"embeddable":true,"href":"https:\/\/saint-nazaire-sainte-marie-immaculee.fr\/index.php\/wp-json\/wp\/v2\/comments?post=4355"}],"version-history":[{"count":1,"href":"https:\/\/saint-nazaire-sainte-marie-immaculee.fr\/index.php\/wp-json\/wp\/v2\/posts\/4355\/revisions"}],"predecessor-version":[{"id":4357,"href":"https:\/\/saint-nazaire-sainte-marie-immaculee.fr\/index.php\/wp-json\/wp\/v2\/posts\/4355\/revisions\/4357"}],"wp:attachment":[{"href":"https:\/\/saint-nazaire-sainte-marie-immaculee.fr\/index.php\/wp-json\/wp\/v2\/media?parent=4355"}],"wp:term":[{"taxonomy":"category","embeddable":true,"href":"https:\/\/saint-nazaire-sainte-marie-immaculee.fr\/index.php\/wp-json\/wp\/v2\/categories?post=4355"},{"taxonomy":"post_tag","embeddable":true,"href":"https:\/\/saint-nazaire-sainte-marie-immaculee.fr\/index.php\/wp-json\/wp\/v2\/tags?post=4355"}],"curies":[{"name":"wp","href":"https:\/\/api.w.org\/{rel}","templated":true}]}}