{"id":486,"date":"2017-06-08T23:13:06","date_gmt":"2017-06-08T21:13:06","guid":{"rendered":"https:\/\/saint-nazaire-sainte-marie-immaculee.fr\/?p=486"},"modified":"2017-06-08T23:22:15","modified_gmt":"2017-06-08T21:22:15","slug":"experiences-moyenne-section","status":"publish","type":"post","link":"https:\/\/saint-nazaire-sainte-marie-immaculee.fr\/index.php\/2017\/06\/08\/experiences-moyenne-section\/","title":{"rendered":"Graine ou pas graine"},"content":{"rendered":"<p>Dans notre classe, nous aimons observer la nature, notre environnement. Pour cela, nous faisons des exp\u00e9riences. Ainsi, nous avons plant\u00e9 diff\u00e9rents \u00e9l\u00e9ments dans du coton, nous les avons arros\u00e9s et avons constat\u00e9 que seules les graines avaient pouss\u00e9. Nous avons compris que les graines font partie du vivant, et ont besoin d&rsquo;eau pour grandir.<\/p>\n<p>&nbsp;<\/p>\n","protected":false},"excerpt":{"rendered":"<p>Dans notre classe, nous aimons observer la nature, notre environnement. Pour cela, nous faisons des exp\u00e9riences. Ainsi, nous avons plant\u00e9 diff\u00e9rents \u00e9l\u00e9ments dans du coton, nous les avons arros\u00e9s et avons constat\u00e9 que seules les graines avaient pouss\u00e9. Nous avons compris que les graines font partie du vivant, et ont besoin d&rsquo;eau pour grandir. &nbsp;<\/p>\n","protected":false},"author":6,"featured_media":488,"comment_status":"closed","ping_status":"closed","sticky":false,"template":"","format":"standard","meta":{"ngg_post_thumbnail":0,"footnotes":""},"categories":[12,5],"tags":[],"yoast_head":"<!-- This site is optimized with the Yoast SEO plugin v23.5 - https:\/\/yoast.com\/wordpress\/plugins\/seo\/ -->\n<title>Graine ou pas graine, une exp\u00e9rience en moyenne section<\/title>\n<meta name=\"description\" content=\"Voici l&#039;exp\u00e9rience que nous avons men\u00e9e afin de d\u00e9terminer les caract\u00e9ristiques de la graine.\" \/>\n<meta name=\"robots\" content=\"index, follow, max-snippet:-1, max-image-preview:large, max-video-preview:-1\" \/>\n<link rel=\"canonical\" href=\"https:\/\/saint-nazaire-sainte-marie-immaculee.fr\/index.php\/2017\/06\/08\/experiences-moyenne-section\/\" \/>\n<meta property=\"og:locale\" content=\"fr_FR\" \/>\n<meta property=\"og:type\" content=\"article\" \/>\n<meta property=\"og:title\" content=\"Graine ou pas graine, une exp\u00e9rience en moyenne section\" \/>\n<meta property=\"og:description\" content=\"Voici l&#039;exp\u00e9rience que nous avons men\u00e9e afin de d\u00e9terminer les caract\u00e9ristiques de la graine.\" \/>\n<meta property=\"og:url\" content=\"https:\/\/saint-nazaire-sainte-marie-immaculee.fr\/index.php\/2017\/06\/08\/experiences-moyenne-section\/\" \/>\n<meta property=\"og:site_name\" content=\"Ecole Sainte Marie de l&#039;Immacul\u00e9e Saint Nazaire\" \/>\n<meta property=\"article:publisher\" content=\"https:\/\/www.facebook.com\/ecolesaintemarieimmaculeesaintnazaire\" \/>\n<meta property=\"article:published_time\" content=\"2017-06-08T21:13:06+00:00\" \/>\n<meta property=\"article:modified_time\" content=\"2017-06-08T21:22:15+00:00\" \/>\n<meta property=\"og:image\" content=\"https:\/\/saint-nazaire-sainte-marie-immaculee.fr\/wp-content\/uploads\/2017\/06\/IMG_7421-e1496956576241.jpg\" \/>\n\t<meta property=\"og:image:width\" content=\"4032\" \/>\n\t<meta property=\"og:image:height\" content=\"3024\" \/>\n\t<meta property=\"og:image:type\" content=\"image\/jpeg\" \/>\n<meta name=\"author\" content=\"Isabelle Port\" \/>\n<meta name=\"twitter:card\" content=\"summary_large_image\" \/>\n<meta name=\"twitter:label1\" content=\"\u00c9crit par\" \/>\n\t<meta name=\"twitter:data1\" content=\"Isabelle Port\" \/>\n<script type=\"application\/ld+json\" class=\"yoast-schema-graph\">{\"@context\":\"https:\/\/schema.org\",\"@graph\":[{\"@type\":\"WebPage\",\"@id\":\"https:\/\/saint-nazaire-sainte-marie-immaculee.fr\/index.php\/2017\/06\/08\/experiences-moyenne-section\/\",\"url\":\"https:\/\/saint-nazaire-sainte-marie-immaculee.fr\/index.php\/2017\/06\/08\/experiences-moyenne-section\/\",\"name\":\"Graine ou pas graine, une exp\u00e9rience en moyenne section\",\"isPartOf\":{\"@id\":\"https:\/\/saint-nazaire-sainte-marie-immaculee.fr\/#website\"},\"primaryImageOfPage\":{\"@id\":\"https:\/\/saint-nazaire-sainte-marie-immaculee.fr\/index.php\/2017\/06\/08\/experiences-moyenne-section\/#primaryimage\"},\"image\":{\"@id\":\"https:\/\/saint-nazaire-sainte-marie-immaculee.fr\/index.php\/2017\/06\/08\/experiences-moyenne-section\/#primaryimage\"},\"thumbnailUrl\":\"https:\/\/saint-nazaire-sainte-marie-immaculee.fr\/wp-content\/uploads\/2017\/06\/IMG_7421-e1496956576241.jpg\",\"datePublished\":\"2017-06-08T21:13:06+00:00\",\"dateModified\":\"2017-06-08T21:22:15+00:00\",\"author\":{\"@id\":\"https:\/\/saint-nazaire-sainte-marie-immaculee.fr\/#\/schema\/person\/3b05276abbaa75635a49f5c4e3ea20ed\"},\"description\":\"Voici l'exp\u00e9rience que nous avons men\u00e9e afin de d\u00e9terminer les caract\u00e9ristiques de la graine.\",\"breadcrumb\":{\"@id\":\"https:\/\/saint-nazaire-sainte-marie-immaculee.fr\/index.php\/2017\/06\/08\/experiences-moyenne-section\/#breadcrumb\"},\"inLanguage\":\"fr-FR\",\"potentialAction\":[{\"@type\":\"ReadAction\",\"target\":[\"https:\/\/saint-nazaire-sainte-marie-immaculee.fr\/index.php\/2017\/06\/08\/experiences-moyenne-section\/\"]}]},{\"@type\":\"ImageObject\",\"inLanguage\":\"fr-FR\",\"@id\":\"https:\/\/saint-nazaire-sainte-marie-immaculee.fr\/index.php\/2017\/06\/08\/experiences-moyenne-section\/#primaryimage\",\"url\":\"https:\/\/saint-nazaire-sainte-marie-immaculee.fr\/wp-content\/uploads\/2017\/06\/IMG_7421-e1496956576241.jpg\",\"contentUrl\":\"https:\/\/saint-nazaire-sainte-marie-immaculee.fr\/wp-content\/uploads\/2017\/06\/IMG_7421-e1496956576241.jpg\",\"width\":4032,\"height\":3024},{\"@type\":\"BreadcrumbList\",\"@id\":\"https:\/\/saint-nazaire-sainte-marie-immaculee.fr\/index.php\/2017\/06\/08\/experiences-moyenne-section\/#breadcrumb\",\"itemListElement\":[{\"@type\":\"ListItem\",\"position\":1,\"name\":\"Accueil\",\"item\":\"https:\/\/saint-nazaire-sainte-marie-immaculee.fr\/\"},{\"@type\":\"ListItem\",\"position\":2,\"name\":\"Graine ou pas graine\"}]},{\"@type\":\"WebSite\",\"@id\":\"https:\/\/saint-nazaire-sainte-marie-immaculee.fr\/#website\",\"url\":\"https:\/\/saint-nazaire-sainte-marie-immaculee.fr\/\",\"name\":\"Ecole Sainte Marie de l&#039;Immacul\u00e9e Saint Nazaire\",\"description\":\"\",\"potentialAction\":[{\"@type\":\"SearchAction\",\"target\":{\"@type\":\"EntryPoint\",\"urlTemplate\":\"https:\/\/saint-nazaire-sainte-marie-immaculee.fr\/?s={search_term_string}\"},\"query-input\":{\"@type\":\"PropertyValueSpecification\",\"valueRequired\":true,\"valueName\":\"search_term_string\"}}],\"inLanguage\":\"fr-FR\"},{\"@type\":\"Person\",\"@id\":\"https:\/\/saint-nazaire-sainte-marie-immaculee.fr\/#\/schema\/person\/3b05276abbaa75635a49f5c4e3ea20ed\",\"name\":\"Isabelle Port\",\"image\":{\"@type\":\"ImageObject\",\"inLanguage\":\"fr-FR\",\"@id\":\"https:\/\/saint-nazaire-sainte-marie-immaculee.fr\/#\/schema\/person\/image\/\",\"url\":\"https:\/\/secure.gravatar.com\/avatar\/b57b04d16853b4506268e2253d06d933?s=96&d=mm&r=g\",\"contentUrl\":\"https:\/\/secure.gravatar.com\/avatar\/b57b04d16853b4506268e2253d06d933?s=96&d=mm&r=g\",\"caption\":\"Isabelle Port\"},\"url\":\"https:\/\/saint-nazaire-sainte-marie-immaculee.fr\/index.php\/author\/fdegree\/\"}]}<\/script>\n<!-- \/ Yoast SEO plugin. -->","yoast_head_json":{"title":"Graine ou pas graine, une exp\u00e9rience en moyenne section","description":"Voici l'exp\u00e9rience que nous avons men\u00e9e afin de d\u00e9terminer les caract\u00e9ristiques de la graine.","robots":{"index":"index","follow":"follow","max-snippet":"max-snippet:-1","max-image-preview":"max-image-preview:large","max-video-preview":"max-video-preview:-1"},"canonical":"https:\/\/saint-nazaire-sainte-marie-immaculee.fr\/index.php\/2017\/06\/08\/experiences-moyenne-section\/","og_locale":"fr_FR","og_type":"article","og_title":"Graine ou pas graine, une exp\u00e9rience en moyenne section","og_description":"Voici l'exp\u00e9rience que nous avons men\u00e9e afin de d\u00e9terminer les caract\u00e9ristiques de la graine.","og_url":"https:\/\/saint-nazaire-sainte-marie-immaculee.fr\/index.php\/2017\/06\/08\/experiences-moyenne-section\/","og_site_name":"Ecole Sainte Marie de l&#039;Immacul\u00e9e Saint Nazaire","article_publisher":"https:\/\/www.facebook.com\/ecolesaintemarieimmaculeesaintnazaire","article_published_time":"2017-06-08T21:13:06+00:00","article_modified_time":"2017-06-08T21:22:15+00:00","og_image":[{"width":4032,"height":3024,"url":"https:\/\/saint-nazaire-sainte-marie-immaculee.fr\/wp-content\/uploads\/2017\/06\/IMG_7421-e1496956576241.jpg","type":"image\/jpeg"}],"author":"Isabelle Port","twitter_card":"summary_large_image","twitter_misc":{"\u00c9crit par":"Isabelle Port"},"schema":{"@context":"https:\/\/schema.org","@graph":[{"@type":"WebPage","@id":"https:\/\/saint-nazaire-sainte-marie-immaculee.fr\/index.php\/2017\/06\/08\/experiences-moyenne-section\/","url":"https:\/\/saint-nazaire-sainte-marie-immaculee.fr\/index.php\/2017\/06\/08\/experiences-moyenne-section\/","name":"Graine ou pas graine, une exp\u00e9rience en moyenne section","isPartOf":{"@id":"https:\/\/saint-nazaire-sainte-marie-immaculee.fr\/#website"},"primaryImageOfPage":{"@id":"https:\/\/saint-nazaire-sainte-marie-immaculee.fr\/index.php\/2017\/06\/08\/experiences-moyenne-section\/#primaryimage"},"image":{"@id":"https:\/\/saint-nazaire-sainte-marie-immaculee.fr\/index.php\/2017\/06\/08\/experiences-moyenne-section\/#primaryimage"},"thumbnailUrl":"https:\/\/saint-nazaire-sainte-marie-immaculee.fr\/wp-content\/uploads\/2017\/06\/IMG_7421-e1496956576241.jpg","datePublished":"2017-06-08T21:13:06+00:00","dateModified":"2017-06-08T21:22:15+00:00","author":{"@id":"https:\/\/saint-nazaire-sainte-marie-immaculee.fr\/#\/schema\/person\/3b05276abbaa75635a49f5c4e3ea20ed"},"description":"Voici l'exp\u00e9rience que nous avons men\u00e9e afin de d\u00e9terminer les caract\u00e9ristiques de la graine.","breadcrumb":{"@id":"https:\/\/saint-nazaire-sainte-marie-immaculee.fr\/index.php\/2017\/06\/08\/experiences-moyenne-section\/#breadcrumb"},"inLanguage":"fr-FR","potentialAction":[{"@type":"ReadAction","target":["https:\/\/saint-nazaire-sainte-marie-immaculee.fr\/index.php\/2017\/06\/08\/experiences-moyenne-section\/"]}]},{"@type":"ImageObject","inLanguage":"fr-FR","@id":"https:\/\/saint-nazaire-sainte-marie-immaculee.fr\/index.php\/2017\/06\/08\/experiences-moyenne-section\/#primaryimage","url":"https:\/\/saint-nazaire-sainte-marie-immaculee.fr\/wp-content\/uploads\/2017\/06\/IMG_7421-e1496956576241.jpg","contentUrl":"https:\/\/saint-nazaire-sainte-marie-immaculee.fr\/wp-content\/uploads\/2017\/06\/IMG_7421-e1496956576241.jpg","width":4032,"height":3024},{"@type":"BreadcrumbList","@id":"https:\/\/saint-nazaire-sainte-marie-immaculee.fr\/index.php\/2017\/06\/08\/experiences-moyenne-section\/#breadcrumb","itemListElement":[{"@type":"ListItem","position":1,"name":"Accueil","item":"https:\/\/saint-nazaire-sainte-marie-immaculee.fr\/"},{"@type":"ListItem","position":2,"name":"Graine ou pas graine"}]},{"@type":"WebSite","@id":"https:\/\/saint-nazaire-sainte-marie-immaculee.fr\/#website","url":"https:\/\/saint-nazaire-sainte-marie-immaculee.fr\/","name":"Ecole Sainte Marie de l&#039;Immacul\u00e9e Saint Nazaire","description":"","potentialAction":[{"@type":"SearchAction","target":{"@type":"EntryPoint","urlTemplate":"https:\/\/saint-nazaire-sainte-marie-immaculee.fr\/?s={search_term_string}"},"query-input":{"@type":"PropertyValueSpecification","valueRequired":true,"valueName":"search_term_string"}}],"inLanguage":"fr-FR"},{"@type":"Person","@id":"https:\/\/saint-nazaire-sainte-marie-immaculee.fr\/#\/schema\/person\/3b05276abbaa75635a49f5c4e3ea20ed","name":"Isabelle Port","image":{"@type":"ImageObject","inLanguage":"fr-FR","@id":"https:\/\/saint-nazaire-sainte-marie-immaculee.fr\/#\/schema\/person\/image\/","url":"https:\/\/secure.gravatar.com\/avatar\/b57b04d16853b4506268e2253d06d933?s=96&d=mm&r=g","contentUrl":"https:\/\/secure.gravatar.com\/avatar\/b57b04d16853b4506268e2253d06d933?s=96&d=mm&r=g","caption":"Isabelle Port"},"url":"https:\/\/saint-nazaire-sainte-marie-immaculee.fr\/index.php\/author\/fdegree\/"}]}},"_links":{"self":[{"href":"https:\/\/saint-nazaire-sainte-marie-immaculee.fr\/index.php\/wp-json\/wp\/v2\/posts\/486"}],"collection":[{"href":"https:\/\/saint-nazaire-sainte-marie-immaculee.fr\/index.php\/wp-json\/wp\/v2\/posts"}],"about":[{"href":"https:\/\/saint-nazaire-sainte-marie-immaculee.fr\/index.php\/wp-json\/wp\/v2\/types\/post"}],"author":[{"embeddable":true,"href":"https:\/\/saint-nazaire-sainte-marie-immaculee.fr\/index.php\/wp-json\/wp\/v2\/users\/6"}],"replies":[{"embeddable":true,"href":"https:\/\/saint-nazaire-sainte-marie-immaculee.fr\/index.php\/wp-json\/wp\/v2\/comments?post=486"}],"version-history":[{"count":0,"href":"https:\/\/saint-nazaire-sainte-marie-immaculee.fr\/index.php\/wp-json\/wp\/v2\/posts\/486\/revisions"}],"wp:featuredmedia":[{"embeddable":true,"href":"https:\/\/saint-nazaire-sainte-marie-immaculee.fr\/index.php\/wp-json\/wp\/v2\/media\/488"}],"wp:attachment":[{"href":"https:\/\/saint-nazaire-sainte-marie-immaculee.fr\/index.php\/wp-json\/wp\/v2\/media?parent=486"}],"wp:term":[{"taxonomy":"category","embeddable":true,"href":"https:\/\/saint-nazaire-sainte-marie-immaculee.fr\/index.php\/wp-json\/wp\/v2\/categories?post=486"},{"taxonomy":"post_tag","embeddable":true,"href":"https:\/\/saint-nazaire-sainte-marie-immaculee.fr\/index.php\/wp-json\/wp\/v2\/tags?post=486"}],"curies":[{"name":"wp","href":"https:\/\/api.w.org\/{rel}","templated":true}]}}